{"id":8631,"date":"2018-03-28T15:58:34","date_gmt":"2018-03-28T15:58:34","guid":{"rendered":"http:\/\/archiv.szolnoktv.hu\/?p=8631"},"modified":"2021-08-13T20:07:32","modified_gmt":"2021-08-13T20:07:32","slug":"180-diak-vett-reszt-az-idei-donton","status":"publish","type":"post","link":"http:\/\/archiv.szolnoktv.hu\/?p=8631","title":{"rendered":"180 di\u00e1k vett r\u00e9szt az idei d\u00f6nt\u0151n"},"content":{"rendered":"<div class='booster-block booster-read-block'><\/div><p>Stabil oldalfekv\u00e9st mutat be az egyik di\u00e1k a Kod\u00e1ly Zolt\u00e1n \u00c1ltal\u00e1nos Iskol\u00e1ban. A V\u00e1rosi Koroszt\u00e1lyos Eg\u00e9szs\u00e9gnevel\u00e9si Versenyprogramot imm\u00e1r 13. alkalommal rendezt\u00e9k meg, a szerdai d\u00f6nt\u0151n az els\u0151seg\u00e9lyny\u00fajt\u00e1s mellett sz\u00e1mos \u00e9rdekes versenyfeladattal v\u00e1rt\u00e1k a r\u00e9sztvev\u0151ket. A hagyom\u00e1nyokhoz h\u0171en id\u00e9n is nagy hangs\u00falyt fektettek arra, hogy felh\u00edvj\u00e1k a  fiatalok figyelm\u00e9t a fogyat\u00e9kkal \u00e9l\u0151k mindennapjaira. Vakon \u00edrtak, jelnyelvet tanultak, a tornateremben megtapasztalhatt\u00e1k, milyen kerekessz\u00e9kkel k\u00f6zlekedni, vagy \u00e9ppen mank\u00f3val labd\u00e1t vezetni. Valakinek azonban ez nem volt ismeretlen helyzet.<\/p>\n<p>-Annyi a neh\u00e9zs\u00e9ge, hogy nagyon sz\u00e9les, ez\u00e9rt nem minden sz\u0171k helyre \u00e9s kis ajt\u00f3n lehet vele bef\u00e9rni \u00e9s el\u00e9g j\u00f3l tudtam hajtani, mert az \u00e9n anyuk\u00e1m is kerekessz\u00e9kben \u00fcl, amikor vissz\u00fck b\u00e1rhov\u00e1 \u00e9s m\u00e1r mentem az \u0151 kerekessz\u00e9k\u00e9vel \u00e9s ez\u00e9rt m\u00e1r k\u00f6nnyebben tudtam hajtani, \u0151 nem b\u00edrja mag\u00e1t hajtani ez\u00e9rt tolni kell szeg\u00e9nyt, \u00e9s szerintem nem olyan neh\u00e9z k\u00f6zlekedni vele, hogy ha megtanul \u00e9s k\u00e9zer\u0151 kell hozz\u00e1.&#8221; &#8211; mondta Balogh Lili, a Szentgy\u00f6rgyi Albert \u00c1ltal\u00e1nos Iskola tanul\u00f3ja.<\/p>\n<p>\u00c9vek \u00f3ta a nagymam\u00e1k is lelkesen kiveszik a r\u00e9sz\u00fcket a programb\u00f3l. \u00d5k azok, akik legt\u00f6bb p\u00e9ld\u00e1t tudj\u00e1k mutatni a gyerekeknek. Ezzel pr\u00f3b\u00e1lt\u00e1k a fiatal \u00e9s az id\u0151sebb gener\u00e1ci\u00f3t k\u00f6zelebb hozni egym\u00e1shoz. A tavaszt v\u00e1rva izgalommal k\u00e9sz\u00fcltek s\u00f3gyurm\u00e1b\u00f3l a sz\u00ednes h\u00fasv\u00e9ti asztald\u00edszek az iskola eb\u00e9dl\u0151j\u00e9ben. <\/p>\n<p>,,Id\u00e9n \u00fajdons\u00e1gnak sz\u00e1m\u00edt, hogy a korasz\u00fcl\u00f6ttek probl\u00e9m\u00e1j\u00e1ra is felh\u00edvn\u00e1nk a figyelmet. Sokan nem is gondolj\u00e1k, hogy az a p\u00e1r h\u00f3nappal el\u0151bb sz\u00fclettem, milyen nagy neh\u00e9zs\u00e9get okozhat a k\u00e9s\u0151bbi \u00e9let\u00e9ben a gyermeknek vagy ak\u00e1r egy feln\u0151ttnek is.&#8221;- felelte Dr. Bagdin\u00e9 Bang\u00f3cs \u00c9va, Szolnoki Iskolav\u00e9d\u0151n\u0151k Egyes\u00fclet\u00e9nek eln\u00f6ke.<\/p>\n<p>A versenyen a fiatalok j\u00e1tszva tanultak, a feladatok az eg\u00e9szs\u00e9ges \u00e9letm\u00f3dra, a testmozg\u00e1s fontoss\u00e1g\u00e1ra tan\u00edtott\u00e1k \u0151ket. Az idei V\u00e1rosi Koroszt\u00e1lyos Eg\u00e9szs\u00e9gnevel\u00e9si Versenyprogram d\u00f6nt\u0151j\u00e9n mintegy 180 fiatal \u00e9s 45 nagymama vett r\u00e9szt. <\/p>\n<div style=\"width: 640px;\" class=\"wp-video\"><!--[if lt IE 9]><script>document.createElement('video');<\/script><![endif]-->\n<video class=\"wp-video-shortcode\" id=\"video-8631-1\" width=\"640\" height=\"360\" preload=\"metadata\" controls=\"controls\"><source type=\"video\/mp4\" src=\"\/spots\/hir\/hir_180328_05.mp4?_=1\" \/><a href=\"\/spots\/hir\/hir_180328_05.mp4\">\/spots\/hir\/hir_180328_05.mp4<\/a><\/video><\/div>\n","protected":false},"excerpt":{"rendered":"<p>Stabil oldalfekv\u00e9st mutat be az egyik di\u00e1k a Kod\u00e1ly Zolt\u00e1n \u00c1ltal\u00e1nos Iskol\u00e1ban. A V\u00e1rosi Koroszt\u00e1lyos Eg\u00e9szs\u00e9gnevel\u00e9si Versenyprogramot imm\u00e1r 13. alkalommal rendezt\u00e9k meg, a szerdai d\u00f6nt\u0151n az els\u0151seg\u00e9lyny\u00fajt\u00e1s mellett sz\u00e1mos \u00e9rdekes versenyfeladattal v\u00e1rt\u00e1k a r\u00e9sztvev\u0151ket. A hagyom\u00e1nyokhoz h\u0171en id\u00e9n is nagy hangs\u00falyt fektettek arra, hogy felh\u00edvj\u00e1k a fiatalok figyelm\u00e9t a fogyat\u00e9kkal \u00e9l\u0151k mindennapjaira. Vakon \u00edrtak, jelnyelvet [&hellip;]<\/p>\n","protected":false},"author":2,"featured_media":0,"comment_status":"closed","ping_status":"closed","sticky":false,"template":"","format":"standard","meta":[],"categories":[9],"tags":[],"_links":{"self":[{"href":"http:\/\/archiv.szolnoktv.hu\/index.php?rest_route=\/wp\/v2\/posts\/8631"}],"collection":[{"href":"http:\/\/archiv.szolnoktv.hu\/index.php?rest_route=\/wp\/v2\/posts"}],"about":[{"href":"http:\/\/archiv.szolnoktv.hu\/index.php?rest_route=\/wp\/v2\/types\/post"}],"author":[{"embeddable":true,"href":"http:\/\/archiv.szolnoktv.hu\/index.php?rest_route=\/wp\/v2\/users\/2"}],"replies":[{"embeddable":true,"href":"http:\/\/archiv.szolnoktv.hu\/index.php?rest_route=%2Fwp%2Fv2%2Fcomments&post=8631"}],"version-history":[{"count":1,"href":"http:\/\/archiv.szolnoktv.hu\/index.php?rest_route=\/wp\/v2\/posts\/8631\/revisions"}],"predecessor-version":[{"id":8682,"href":"http:\/\/archiv.szolnoktv.hu\/index.php?rest_route=\/wp\/v2\/posts\/8631\/revisions\/8682"}],"wp:attachment":[{"href":"http:\/\/archiv.szolnoktv.hu\/index.php?rest_route=%2Fwp%2Fv2%2Fmedia&parent=8631"}],"wp:term":[{"taxonomy":"category","embeddable":true,"href":"http:\/\/archiv.szolnoktv.hu\/index.php?rest_route=%2Fwp%2Fv2%2Fcategories&post=8631"},{"taxonomy":"post_tag","embeddable":true,"href":"http:\/\/archiv.szolnoktv.hu\/index.php?rest_route=%2Fwp%2Fv2%2Ftags&post=8631"}],"curies":[{"name":"wp","href":"https:\/\/api.w.org\/{rel}","templated":true}]}}