{"id":8630,"date":"2018-03-28T15:38:28","date_gmt":"2018-03-28T15:38:28","guid":{"rendered":"http:\/\/archiv.szolnoktv.hu\/?p=8630"},"modified":"2021-08-13T20:07:32","modified_gmt":"2021-08-13T20:07:32","slug":"szavazat-szamlalo-bizottsag","status":"publish","type":"post","link":"http:\/\/archiv.szolnoktv.hu\/?p=8630","title":{"rendered":"Szavazat Sz\u00e1ml\u00e1l\u00f3 Bizotts\u00e1g"},"content":{"rendered":"<div class='booster-block booster-read-block'><\/div><p>A v\u00e1ros polg\u00e1rmestere, Szalay Ferenc ut\u00e1n ism\u00e9telt\u00e9k esk\u00fcj\u00fcket a szavazatsz\u00e1ml\u00e1l\u00f3 bizotts\u00e1gok tagjai a V\u00e1rosh\u00e1za D\u00edszterm\u00e9ben. A r\u00e9sztvev\u0151k az \u00e1prilis 8-i feladatukat az esk\u00fct\u00e9tel ut\u00e1n oktat\u00e1s keret\u00e9ben ismert\u00e9k meg.<\/p>\n<p>-A be\u00e9rkez\u0151 szavaz\u00f3knak kell a v\u00e1laszt\u00e1si n\u00e9vjegyz\u00e9kben ellen\u0151rizni, hogy val\u00f3ban ott lehetnek-e \u00e9s \u00e9rv\u00e9nyesek az adatai. Ha igen akkor \u0151k szavazhatnak. Nekik kell \u00e1tadni a szavaz\u00f3lapot, bor\u00edt\u00e9kot \u00e9s amennyiben ig\u00e9nylik seg\u00edts\u00e9get kell nekik ny\u00fajtani a szavaz\u00e1s lebonyol\u00edt\u00e1s\u00e1ban.&#8221;- mondta Juh\u00e1sz Bal\u00e1zs.<\/p>\n<p>Volt, akit el\u0151sz\u00f6r v\u00e1lasztottak a bizotts\u00e1gi tagok k\u00f6z\u00e9, de olyan is akadt, aki a v\u00e1laszt\u00e1sok napj\u00e1n m\u00e1r tapasztalt r\u00e9sztvev\u0151k\u00e9nt teljes\u00edti feladat\u00e1t.<\/p>\n<p>-Minden v\u00e1laszt\u00e1s rendk\u00edv\u00fcl felel\u0151ss\u00e9gteljes feladat. A jogszab\u00e1lyoknak megfelel\u0151en, pontosan kell v\u00e9gezni \u00e9s ez \u00edgy is szokott t\u00f6rt\u00e9nni. Megh\u00edv\u00e1st kaptam r\u00e1 \u00e9s 1989 \u00f3ta, az els\u0151 v\u00e1laszt\u00e1s \u00f3ta minden \u00e9vben ott szoktam lenni a szavaz\u00f3k\u00f6rben.&#8221;- mondta De\u00e1k J\u00e1nosn\u00e9<\/p>\n<p>Minden szavazatsz\u00e1ml\u00e1l\u00f3 bizotts\u00e1gnak legkevesebb 5 f\u0151vel kell m\u0171k\u00f6dnie, melyb\u0151l 3 tag v\u00e1lasztott, minimum 2 pedig a jel\u00f6l\u0151szervezetek \u00e1ltal deleg\u00e1lt. Szolnokon 70 szavaz\u00f3k\u00f6rben \u00e1ll\u00edtottak bizotts\u00e1got. <\/p>\n<p>-A v\u00e1lasztott tagokat Szolnok megyei jog\u00fa v\u00e1ros k\u00f6zgy\u0171l\u00e9se 2018. m\u00e1rcius 14-i k\u00f6zgy\u0171l\u00e9s\u00e9n v\u00e1lasztotta meg. A v\u00e1lasztott tagok eset\u00e9ben, az \u0151 r\u00e9sz\u00fckre j\u00e1r tiszteletd\u00edj \u00e9s az \u0151 megb\u00edzat\u00e1suk a k\u00f6vetkez\u0151 \u00e1ltal\u00e1nos orsz\u00e1ggy\u0171l\u00e9si v\u00e1laszt\u00e1sokig kit\u0171z\u00e9s\u00e9ig tart. A deleg\u00e1lt tagok eset\u00e9ben a v\u00e1laszt\u00f3ker\u00fcletben deleg\u00e1ltat \u00e1ll\u00edt\u00f3 jel\u00f6l\u0151 szervezeteknek volt meg az a lehet\u0151s\u00e9g\u00fck, hogy deleg\u00e1ljanak.&#8221; &#8211; mondta Dr. R\u00e1cz Andrea aljegyz\u0151.<\/p>\n<p>\u00c1prilis 8-\u00e1n a szavaz\u00f3k\u00f6rzetekben reggel 6 \u00f3r\u00e1t\u00f3l este 7 \u00f3r\u00e1ig v\u00e1rj\u00e1k a voksol\u00f3kat. Ezen a napon 199 k\u00e9pvisel\u0151t v\u00e1lasztanak meg a magyar \u00e1llampolg\u00e1rok: 106-ot egy\u00e9ni v\u00e1laszt\u00f3ker\u00fcletekben, 93-an pedig orsz\u00e1gos list\u00e1r\u00f3l juthatnak be a parlamentbe.<\/p>\n<div style=\"width: 640px;\" class=\"wp-video\"><!--[if lt IE 9]><script>document.createElement('video');<\/script><![endif]-->\n<video class=\"wp-video-shortcode\" id=\"video-8630-1\" width=\"640\" height=\"360\" preload=\"metadata\" controls=\"controls\"><source type=\"video\/mp4\" src=\"\/spots\/hir\/hir_180328_01.mp4?_=1\" \/><a href=\"\/spots\/hir\/hir_180328_01.mp4\">\/spots\/hir\/hir_180328_01.mp4<\/a><\/video><\/div>\n","protected":false},"excerpt":{"rendered":"<p>A v\u00e1ros polg\u00e1rmestere, Szalay Ferenc ut\u00e1n ism\u00e9telt\u00e9k esk\u00fcj\u00fcket a szavazatsz\u00e1ml\u00e1l\u00f3 bizotts\u00e1gok tagjai a V\u00e1rosh\u00e1za D\u00edszterm\u00e9ben. A r\u00e9sztvev\u0151k az \u00e1prilis 8-i feladatukat az esk\u00fct\u00e9tel ut\u00e1n oktat\u00e1s keret\u00e9ben ismert\u00e9k meg. -A be\u00e9rkez\u0151 szavaz\u00f3knak kell a v\u00e1laszt\u00e1si n\u00e9vjegyz\u00e9kben ellen\u0151rizni, hogy val\u00f3ban ott lehetnek-e \u00e9s \u00e9rv\u00e9nyesek az adatai. Ha igen akkor \u0151k szavazhatnak. Nekik kell \u00e1tadni a szavaz\u00f3lapot, bor\u00edt\u00e9kot [&hellip;]<\/p>\n","protected":false},"author":2,"featured_media":0,"comment_status":"closed","ping_status":"closed","sticky":false,"template":"","format":"standard","meta":[],"categories":[9],"tags":[],"_links":{"self":[{"href":"http:\/\/archiv.szolnoktv.hu\/index.php?rest_route=\/wp\/v2\/posts\/8630"}],"collection":[{"href":"http:\/\/archiv.szolnoktv.hu\/index.php?rest_route=\/wp\/v2\/posts"}],"about":[{"href":"http:\/\/archiv.szolnoktv.hu\/index.php?rest_route=\/wp\/v2\/types\/post"}],"author":[{"embeddable":true,"href":"http:\/\/archiv.szolnoktv.hu\/index.php?rest_route=\/wp\/v2\/users\/2"}],"replies":[{"embeddable":true,"href":"http:\/\/archiv.szolnoktv.hu\/index.php?rest_route=%2Fwp%2Fv2%2Fcomments&post=8630"}],"version-history":[{"count":1,"href":"http:\/\/archiv.szolnoktv.hu\/index.php?rest_route=\/wp\/v2\/posts\/8630\/revisions"}],"predecessor-version":[{"id":8683,"href":"http:\/\/archiv.szolnoktv.hu\/index.php?rest_route=\/wp\/v2\/posts\/8630\/revisions\/8683"}],"wp:attachment":[{"href":"http:\/\/archiv.szolnoktv.hu\/index.php?rest_route=%2Fwp%2Fv2%2Fmedia&parent=8630"}],"wp:term":[{"taxonomy":"category","embeddable":true,"href":"http:\/\/archiv.szolnoktv.hu\/index.php?rest_route=%2Fwp%2Fv2%2Fcategories&post=8630"},{"taxonomy":"post_tag","embeddable":true,"href":"http:\/\/archiv.szolnoktv.hu\/index.php?rest_route=%2Fwp%2Fv2%2Ftags&post=8630"}],"curies":[{"name":"wp","href":"https:\/\/api.w.org\/{rel}","templated":true}]}}