{"id":8629,"date":"2018-03-28T15:11:50","date_gmt":"2018-03-28T15:11:50","guid":{"rendered":"http:\/\/archiv.szolnoktv.hu\/?p=8629"},"modified":"2021-08-13T20:07:33","modified_gmt":"2021-08-13T20:07:33","slug":"szolnokon-bovit-a-stadler","status":"publish","type":"post","link":"http:\/\/archiv.szolnoktv.hu\/?p=8629","title":{"rendered":"Szolnokon b\u0151v\u00edt a Stadler"},"content":{"rendered":"<div class='booster-block booster-read-block'><\/div><p>\u00cdgy k\u00e9sz\u00edtik \u00e9s jav\u00edtj\u00e1k a forg\u00f3v\u00e1zakat a szolnoki \u00fczemben. A Stadler vas\u00fati forg\u00f3v\u00e1zak nagyjav\u00edt\u00e1s\u00e1val \u00e9s \u00f6sszeszerel\u00e9s\u00e9vel foglalkoz\u00f3 \u00fczeme 2013-ban kezdte meg m\u0171k\u00f6d\u00e9s\u00e9t a c\u00e9gcsoport szolnoki vas\u00fati kocsiszekr\u00e9nygy\u00e1rt\u00f3 csarnok\u00e1ban.  \u00c9vente nagyj\u00e1b\u00f3l 250 darab jav\u00edt\u00e1s\u00e1t, gy\u00e1rt\u00e1s\u00e1t b\u00edrta el az \u00fczem, de a j\u00f6v\u0151beli rendel\u00e9sek sz\u00e1ma jelent\u0151sen n\u0151tt, \u00edgy a kapacit\u00e1s b\u0151v\u00edt\u00e9se \u00e9s Szolnok mellett d\u00f6nt\u00f6tt a c\u00e9g. 10 milli\u00e1rd forintb\u00f3l h\u00faz fel \u00faj \u00fczemet a volt cukorgy\u00e1r ter\u00fclet\u00e9n.<\/p>\n<p>-Ebb\u0151l k\u00f6r\u00fclbel\u00fcl 1 milli\u00e1rd forint egy nagyon massz\u00edv technol\u00f3giai fejleszt\u00e9s. G\u00e9pbeszerz\u00e9sek, sz\u00ednvonalemel\u00e9s \u00e9s tov\u00e1bbi 10-15 munkav\u00e1llal\u00f3nak fogunk tudni munkahelyet biztos\u00edtani, munkahelyet teremteni.&#8221;  &#8211;   mondta Dunai Zolt\u00e1n a Stadler Rail Csoport orsz\u00e1gigazgat\u00f3ja.<\/p>\n<p>A beruh\u00e1z\u00e1s k\u00e9t \u00fctemben val\u00f3sul meg. Az els\u0151 keret\u00e9ben &#8211; ami \u00e1prilisban indul &#8211; egy 8.000 m2-es \u00fczemet \u00e9p\u00edtenek fel, melyb\u0151l 7.000 m2 a gy\u00e1rt\u00e1s\u00e9, 1.000 m2-en pedig irod\u00e1k lesznek. A m\u00e1sodik, id\u00e9n ny\u00e1ron kezd\u0151d\u0151 \u00fctem sor\u00e1n egy maximum 20.000 m2-es rakt\u00e1rcsarnok \u00e9p\u00fcl, a szolnoki \u00fczem jelenleg mintegy 1.800 m2 ter\u00fcleten m\u0171k\u00f6dik, \u00edgy a technol\u00f3giai fejleszt\u00e9s \u00f3ri\u00e1si n\u00f6veked\u00e9si lehet\u0151s\u00e9geket biztos\u00edt a v\u00e1llalat sz\u00e1m\u00e1ra.<\/p>\n<p>-15 a M\u00c1V-n\u00e1l k\u00f6zleked\u0151 FLIRT motorvonatn\u00e1l mind a 75 forg\u00f3v\u00e1z Szolnokon k\u00e9sz\u00fclt, a GYSEV sz\u00e1m\u00e1ra sz\u00e1ll\u00edtand\u00f3 10 darab motorvonatunk mind az 50 forg\u00f3v\u00e1za Szolnokon k\u00e9sz\u00fclt \u00e9s a 40 darab emeletes motorvonatra al\u00e1\u00edrt keretszerz\u0151d\u00e9s\u00fcnk mind a 480 forg\u00f3v\u00e1za Szolnokon fog k\u00e9sz\u00fclni.&#8221;- tette hozz\u00e1 Dunai Zolt\u00e1n.<\/p>\n<p>Az elm\u00falt 30 \u00e9v legjelent\u0151sebb forg\u00f3v\u00e1zgy\u00e1rt\u00e1sa Szolnok van  &#8211;   hangs\u00falyozta Dunai Zolt\u00e1n. Ilyen nagys\u00e1grendben az elm\u00falt 30 \u00e9vben senki sem gy\u00e1rtott a magyar piacra. T\u00f6bb munkahely, nagyobb ad\u00f3bev\u00e9tel \u00e9s nem utols\u00f3sorban preszt\u00edzs \u00e9rt\u00e9k a Stadler b\u0151v\u00edt\u00e9se  &#8211;   mondta Szalay Ferenc polg\u00e1rmester.<\/p>\n<p>-A rendszerv\u00e1lt\u00e1s \u00f3ta Szolnok az a v\u00e1ros, ahol \u00fajraindult a magyar vas\u00fati g\u00e9pgy\u00e1rt\u00e1s. Ha van korm\u00e1nyprogram mondjuk k\u00f6zleked\u00e9si infrastrukt\u00fara fejleszt\u00e9sben, akkor ez is odatartozik, hogy ez milyen hihetetlen er\u0151 \u00e9s \u00e1tgondolts\u00e1got ig\u00e9nyl\u0151 dolog, hogy az orsz\u00e1g \u00e1lljon a saj\u00e1t l\u00e1b\u00e1ra mondjuk a vas\u00fati kocsik, mozdonyok gy\u00e1rt\u00e1s\u00e1ban.&#8221;  &#8211;   tette hozz\u00e1 a v\u00e1ros els\u0151 embere.<\/p>\n<p>A tervek szerint az \u00faj \u00fczemcsarnokban v\u00e1rhat\u00f3an m\u00e9g az \u00e9v harmadik negyed\u00e9v\u00e9ben a termel\u00e9s is elindul.<\/p>\n<div style=\"width: 640px;\" class=\"wp-video\"><!--[if lt IE 9]><script>document.createElement('video');<\/script><![endif]-->\n<video class=\"wp-video-shortcode\" id=\"video-8629-1\" width=\"640\" height=\"360\" preload=\"metadata\" controls=\"controls\"><source type=\"video\/mp4\" src=\"\/spots\/hir\/hir_180328_03.mp4?_=1\" \/><a href=\"\/spots\/hir\/hir_180328_03.mp4\">\/spots\/hir\/hir_180328_03.mp4<\/a><\/video><\/div>\n","protected":false},"excerpt":{"rendered":"<p>\u00cdgy k\u00e9sz\u00edtik \u00e9s jav\u00edtj\u00e1k a forg\u00f3v\u00e1zakat a szolnoki \u00fczemben. A Stadler vas\u00fati forg\u00f3v\u00e1zak nagyjav\u00edt\u00e1s\u00e1val \u00e9s \u00f6sszeszerel\u00e9s\u00e9vel foglalkoz\u00f3 \u00fczeme 2013-ban kezdte meg m\u0171k\u00f6d\u00e9s\u00e9t a c\u00e9gcsoport szolnoki vas\u00fati kocsiszekr\u00e9nygy\u00e1rt\u00f3 csarnok\u00e1ban. \u00c9vente nagyj\u00e1b\u00f3l 250 darab jav\u00edt\u00e1s\u00e1t, gy\u00e1rt\u00e1s\u00e1t b\u00edrta el az \u00fczem, de a j\u00f6v\u0151beli rendel\u00e9sek sz\u00e1ma jelent\u0151sen n\u0151tt, \u00edgy a kapacit\u00e1s b\u0151v\u00edt\u00e9se \u00e9s Szolnok mellett d\u00f6nt\u00f6tt a c\u00e9g. [&hellip;]<\/p>\n","protected":false},"author":2,"featured_media":0,"comment_status":"closed","ping_status":"closed","sticky":false,"template":"","format":"standard","meta":[],"categories":[9],"tags":[],"_links":{"self":[{"href":"http:\/\/archiv.szolnoktv.hu\/index.php?rest_route=\/wp\/v2\/posts\/8629"}],"collection":[{"href":"http:\/\/archiv.szolnoktv.hu\/index.php?rest_route=\/wp\/v2\/posts"}],"about":[{"href":"http:\/\/archiv.szolnoktv.hu\/index.php?rest_route=\/wp\/v2\/types\/post"}],"author":[{"embeddable":true,"href":"http:\/\/archiv.szolnoktv.hu\/index.php?rest_route=\/wp\/v2\/users\/2"}],"replies":[{"embeddable":true,"href":"http:\/\/archiv.szolnoktv.hu\/index.php?rest_route=%2Fwp%2Fv2%2Fcomments&post=8629"}],"version-history":[{"count":1,"href":"http:\/\/archiv.szolnoktv.hu\/index.php?rest_route=\/wp\/v2\/posts\/8629\/revisions"}],"predecessor-version":[{"id":8684,"href":"http:\/\/archiv.szolnoktv.hu\/index.php?rest_route=\/wp\/v2\/posts\/8629\/revisions\/8684"}],"wp:attachment":[{"href":"http:\/\/archiv.szolnoktv.hu\/index.php?rest_route=%2Fwp%2Fv2%2Fmedia&parent=8629"}],"wp:term":[{"taxonomy":"category","embeddable":true,"href":"http:\/\/archiv.szolnoktv.hu\/index.php?rest_route=%2Fwp%2Fv2%2Fcategories&post=8629"},{"taxonomy":"post_tag","embeddable":true,"href":"http:\/\/archiv.szolnoktv.hu\/index.php?rest_route=%2Fwp%2Fv2%2Ftags&post=8629"}],"curies":[{"name":"wp","href":"https:\/\/api.w.org\/{rel}","templated":true}]}}