{"id":8628,"date":"2018-03-27T17:44:35","date_gmt":"2018-03-27T17:44:35","guid":{"rendered":"http:\/\/archiv.szolnoktv.hu\/?p=8628"},"modified":"2021-08-13T20:07:33","modified_gmt":"2021-08-13T20:07:33","slug":"elkezdodtek-a-katyuzasi-munkalatok","status":"publish","type":"post","link":"http:\/\/archiv.szolnoktv.hu\/?p=8628","title":{"rendered":"Elkezd\u0151dtek a k\u00e1ty\u00faz\u00e1si munk\u00e1latok"},"content":{"rendered":"<div class='booster-block booster-read-block'><\/div><p>A szokatlanul hideg t\u00e9l \u00e9s tart\u00f3san alacsony h\u0151m\u00e9rs\u00e9klet miatt a szok\u00e1sosn\u00e1l j\u00f3val t\u00f6bb k\u00e1ty\u00fa alakult ki Szolnok \u00fatjain az elm\u00falt h\u00f3napokban. A k\u00e1ty\u00faz\u00e1si munk\u00e1latokat a napokban megkezdt\u00e9k a V\u00e1ros\u00fczemeltet\u00e9si Kft. munkat\u00e1rsai. A napokban a v\u00e1ros h\u00e1rom pontj\u00e1n: a V\u00edzpart k\u00f6r\u00faton, a Sz\u00e9chenyi lak\u00f3telep \u00e9s a Pletykafalu egyes utc\u00e1in dolgoznak a szakemberek. A fel\u00faj\u00edt\u00e1s k\u00f6lts\u00e9geit az \u00f6nkorm\u00e1nyzat \u00fatfenntart\u00e1si programja biztos\u00edtja. <\/p>\n<p>-Ennek van forr\u00e1skerete is, de amennyiben sz\u00fcks\u00e9gesnek l\u00e1tjuk hogy tov\u00e1bbi p\u00e9nzeket kell \u00fatfel\u00faj\u00edt\u00e1sra ford\u00edtani, akkor ezt term\u00e9szetesen meg fogjuk tenni. &#8211; &#8211; mondta Fej\u00e1r Andor, alpolg\u00e1rmester.<\/p>\n<p>Az els\u0151 \u00fctemben az els\u0151 \u00e9s m\u00e1sodrend\u0171 f\u0151utak, valamint a belv\u00e1ros t\u00f6megk\u00f6zleked\u00e9sre szolg\u00e1l\u00f3 \u00fatjainak jav\u00edt\u00e1s\u00e1t v\u00e9gzik, k\u00e9s\u0151bb a Kertv\u00e1rosban \u00e9s Szandasz\u0151l\u0151s\u00f6n  folytatj\u00e1k a munk\u00e1latokat. <\/p>\n<p>-Els\u0151sorban most a gy\u0171jt\u0151utakra, f\u0151 k\u00f6zleked\u00e9si utakra koncentr\u00e1lunk, ott ahol t\u00f6megk\u00f6zleked\u00e9si eszk\u00f6z\u00f6k k\u00f6zlekednek. Ut\u00e1na azok az utak j\u00f6nnek, amelyek r\u00e1hordj\u00e1k a forgalmat ezekre az utakra. Ut\u00e1na j\u00f6nnek azok az utak, melyek ugyanolyan kellemetlenek, de tal\u00e1n kevesebb lak\u00f3t \u00e9rintenek. &#8211;<\/p>\n<p>Fej\u00e9r Andor elmondta, a k\u00e1ty\u00faz\u00e1si munk\u00e1latokat eg\u00e9szen addig folytatj\u00e1k, m\u00edg rendbe nem tesznek minden utat. A fel\u00faj\u00edt\u00e1s miatt t\u00f6bbsz\u00f6r forgalomkorl\u00e1toz\u00e1sra is kell sz\u00e1m\u00edtani, ez\u00e9rt az aut\u00f3sok t\u00fcrelm\u00e9t k\u00e9rik.<br \/>\n<br \/>\n<div style=\"width: 640px;\" class=\"wp-video\"><!--[if lt IE 9]><script>document.createElement('video');<\/script><![endif]-->\n<video class=\"wp-video-shortcode\" id=\"video-8628-1\" width=\"640\" height=\"360\" preload=\"metadata\" controls=\"controls\"><source type=\"video\/mp4\" src=\"\/spots\/hir\/hir_180327_06.mp4?_=1\" \/><a href=\"\/spots\/hir\/hir_180327_06.mp4\">\/spots\/hir\/hir_180327_06.mp4<\/a><\/video><\/div><\/p>\n","protected":false},"excerpt":{"rendered":"<p>A szokatlanul hideg t\u00e9l \u00e9s tart\u00f3san alacsony h\u0151m\u00e9rs\u00e9klet miatt a szok\u00e1sosn\u00e1l j\u00f3val t\u00f6bb k\u00e1ty\u00fa alakult ki Szolnok \u00fatjain az elm\u00falt h\u00f3napokban. A k\u00e1ty\u00faz\u00e1si munk\u00e1latokat a napokban megkezdt\u00e9k a V\u00e1ros\u00fczemeltet\u00e9si Kft. munkat\u00e1rsai. A napokban a v\u00e1ros h\u00e1rom pontj\u00e1n: a V\u00edzpart k\u00f6r\u00faton, a Sz\u00e9chenyi lak\u00f3telep \u00e9s a Pletykafalu egyes utc\u00e1in dolgoznak a szakemberek. A fel\u00faj\u00edt\u00e1s k\u00f6lts\u00e9geit az [&hellip;]<\/p>\n","protected":false},"author":2,"featured_media":0,"comment_status":"closed","ping_status":"closed","sticky":false,"template":"","format":"standard","meta":[],"categories":[9],"tags":[],"_links":{"self":[{"href":"http:\/\/archiv.szolnoktv.hu\/index.php?rest_route=\/wp\/v2\/posts\/8628"}],"collection":[{"href":"http:\/\/archiv.szolnoktv.hu\/index.php?rest_route=\/wp\/v2\/posts"}],"about":[{"href":"http:\/\/archiv.szolnoktv.hu\/index.php?rest_route=\/wp\/v2\/types\/post"}],"author":[{"embeddable":true,"href":"http:\/\/archiv.szolnoktv.hu\/index.php?rest_route=\/wp\/v2\/users\/2"}],"replies":[{"embeddable":true,"href":"http:\/\/archiv.szolnoktv.hu\/index.php?rest_route=%2Fwp%2Fv2%2Fcomments&post=8628"}],"version-history":[{"count":1,"href":"http:\/\/archiv.szolnoktv.hu\/index.php?rest_route=\/wp\/v2\/posts\/8628\/revisions"}],"predecessor-version":[{"id":8685,"href":"http:\/\/archiv.szolnoktv.hu\/index.php?rest_route=\/wp\/v2\/posts\/8628\/revisions\/8685"}],"wp:attachment":[{"href":"http:\/\/archiv.szolnoktv.hu\/index.php?rest_route=%2Fwp%2Fv2%2Fmedia&parent=8628"}],"wp:term":[{"taxonomy":"category","embeddable":true,"href":"http:\/\/archiv.szolnoktv.hu\/index.php?rest_route=%2Fwp%2Fv2%2Fcategories&post=8628"},{"taxonomy":"post_tag","embeddable":true,"href":"http:\/\/archiv.szolnoktv.hu\/index.php?rest_route=%2Fwp%2Fv2%2Ftags&post=8628"}],"curies":[{"name":"wp","href":"https:\/\/api.w.org\/{rel}","templated":true}]}}