{"id":8627,"date":"2018-03-27T17:23:59","date_gmt":"2018-03-27T17:23:59","guid":{"rendered":"http:\/\/archiv.szolnoktv.hu\/?p=8627"},"modified":"2021-08-13T20:07:33","modified_gmt":"2021-08-13T20:07:33","slug":"sikeresen-vizsgazott-a-vakvezeto-kutya","status":"publish","type":"post","link":"http:\/\/archiv.szolnoktv.hu\/?p=8627","title":{"rendered":"Sikeresen vizsg\u00e1zott a vakvezet\u0151 kutya"},"content":{"rendered":"<div class='booster-block booster-read-block'><\/div><p>A lak\u00f3helyt\u0151l a rendel\u0151ig  \u00fatvonalat h\u00fazta ki Erika, az Odinnal v\u00e9gzett vizsga kezdetekor. A 2 \u00e9ves labrador ugyanis f\u00e9l \u00e9ves kora \u00f3ta tanul vakvezetni. Vizsg\u00e1j\u00e1t ma szakavatott szemek figyelt\u00e9k. A  Vakvezet\u0151kutya Kik\u00e9pz\u0151 Iskola vizsgabiztosai \u00e9rt\u00e9kelt\u00e9k kutya \u00e9s l\u00e1t\u00e1ss\u00e9r\u00fclt gazd\u00e1ja kapcsolat\u00e1t, k\u00f6z\u00f6s munk\u00e1j\u00e1t.  Erika \u00e9lete ugyanis vakvezet\u0151 kuty\u00e1val teljes. Ehhez azonban hivatalos vizsg\u00e1t kell tenni\u00fck. <\/p>\n<p>Pint\u00e9r Erika:<\/p>\n<p>-Sz\u00e1momra nagyon nagy k\u00f6nnyebbs\u00e9g, mert \u00e9n szeretem a kuty\u00e1kat , alapb\u00f3l, \u00e9s \u00fagy gondolom, hogy ez a n\u00e9lk\u00fcl nem megy. &#8211;<\/p>\n<p>Erika 6,5 \u00e9ves kor\u00e1t\u00f3l nem l\u00e1t. Vakvezet\u0151 kuty\u00e1val 2005 \u00f3ta dolgozik. Odin m\u00e1r a harmadik seg\u00edt\u0151je. Azt tapasztalja, kuty\u00e1val a t\u00e1rsadalomban is hamarabb elfogadtatja mag\u00e1t. <\/p>\n<p>Pint\u00e9r Erika:<br \/>-&#8220;Am\u00edg feh\u00e9rt bottal k\u00f6zlekedtem, addig az emberek nem igaz\u00e1n j\u00f6ttek oda seg\u00edteni. Ami\u00f3ta kuty\u00e1val k\u00f6zlekedem az\u00f3ta mindenki seg\u00edteni akar. Ez az emberi kapcsolatokat is \u00e9p\u00edti. &#8211;<\/p>\n<p>A mai megm\u00e9rettet\u00e9s el\u0151tt mindketten izgultak. Odinnak helyt kellett \u00e1llnia a szabadon szaladg\u00e1l\u00e1s ut\u00e1ni beh\u00edv\u00e1sn\u00e1l, a bolti v\u00e1s\u00e1rl\u00e1s alatti v\u00e1rakoz\u00e1sn\u00e1l , a zebr\u00e1n \u00e1tlek\u00e9sn\u00e9l  \u00e9s a busszal a rendel\u0151be jut\u00e1sn\u00e1l is. Odint m\u00e9g a kamera sem zavarta, kiv\u00e1l\u00f3 munk\u00e1t v\u00e9gzett, \u00edgy  sikeres vizsg\u00e1t tett. Odin \u00e9s Erika \u00edgy m\u00e1r hivatalos jogos\u00edtv\u00e1nnyal k\u00f6zlekedhet egy\u00fctt az utc\u00e1kon. <\/p>\n<div style=\"width: 640px;\" class=\"wp-video\"><!--[if lt IE 9]><script>document.createElement('video');<\/script><![endif]-->\n<video class=\"wp-video-shortcode\" id=\"video-8627-1\" width=\"640\" height=\"360\" preload=\"metadata\" controls=\"controls\"><source type=\"video\/mp4\" src=\"\/spots\/hir\/hir_180327_05.mp4?_=1\" \/><a href=\"\/spots\/hir\/hir_180327_05.mp4\">\/spots\/hir\/hir_180327_05.mp4<\/a><\/video><\/div>\n","protected":false},"excerpt":{"rendered":"<p>A lak\u00f3helyt\u0151l a rendel\u0151ig \u00fatvonalat h\u00fazta ki Erika, az Odinnal v\u00e9gzett vizsga kezdetekor. A 2 \u00e9ves labrador ugyanis f\u00e9l \u00e9ves kora \u00f3ta tanul vakvezetni. Vizsg\u00e1j\u00e1t ma szakavatott szemek figyelt\u00e9k. A Vakvezet\u0151kutya Kik\u00e9pz\u0151 Iskola vizsgabiztosai \u00e9rt\u00e9kelt\u00e9k kutya \u00e9s l\u00e1t\u00e1ss\u00e9r\u00fclt gazd\u00e1ja kapcsolat\u00e1t, k\u00f6z\u00f6s munk\u00e1j\u00e1t. Erika \u00e9lete ugyanis vakvezet\u0151 kuty\u00e1val teljes. Ehhez azonban hivatalos vizsg\u00e1t kell tenni\u00fck. Pint\u00e9r [&hellip;]<\/p>\n","protected":false},"author":2,"featured_media":0,"comment_status":"closed","ping_status":"closed","sticky":false,"template":"","format":"standard","meta":[],"categories":[9],"tags":[],"_links":{"self":[{"href":"http:\/\/archiv.szolnoktv.hu\/index.php?rest_route=\/wp\/v2\/posts\/8627"}],"collection":[{"href":"http:\/\/archiv.szolnoktv.hu\/index.php?rest_route=\/wp\/v2\/posts"}],"about":[{"href":"http:\/\/archiv.szolnoktv.hu\/index.php?rest_route=\/wp\/v2\/types\/post"}],"author":[{"embeddable":true,"href":"http:\/\/archiv.szolnoktv.hu\/index.php?rest_route=\/wp\/v2\/users\/2"}],"replies":[{"embeddable":true,"href":"http:\/\/archiv.szolnoktv.hu\/index.php?rest_route=%2Fwp%2Fv2%2Fcomments&post=8627"}],"version-history":[{"count":1,"href":"http:\/\/archiv.szolnoktv.hu\/index.php?rest_route=\/wp\/v2\/posts\/8627\/revisions"}],"predecessor-version":[{"id":8686,"href":"http:\/\/archiv.szolnoktv.hu\/index.php?rest_route=\/wp\/v2\/posts\/8627\/revisions\/8686"}],"wp:attachment":[{"href":"http:\/\/archiv.szolnoktv.hu\/index.php?rest_route=%2Fwp%2Fv2%2Fmedia&parent=8627"}],"wp:term":[{"taxonomy":"category","embeddable":true,"href":"http:\/\/archiv.szolnoktv.hu\/index.php?rest_route=%2Fwp%2Fv2%2Fcategories&post=8627"},{"taxonomy":"post_tag","embeddable":true,"href":"http:\/\/archiv.szolnoktv.hu\/index.php?rest_route=%2Fwp%2Fv2%2Ftags&post=8627"}],"curies":[{"name":"wp","href":"https:\/\/api.w.org\/{rel}","templated":true}]}}