{"id":8596,"date":"2018-03-27T17:17:40","date_gmt":"2018-03-27T17:17:40","guid":{"rendered":"http:\/\/archiv.szolnoktv.hu\/?p=8596"},"modified":"2021-08-13T20:00:45","modified_gmt":"2021-08-13T20:00:45","slug":"lmp-sajtotajekoztato-3","status":"publish","type":"post","link":"http:\/\/archiv.szolnoktv.hu\/?p=8596","title":{"rendered":"LMP sajt\u00f3t\u00e1j\u00e9koztat\u00f3"},"content":{"rendered":"<div class='booster-block booster-read-block'><\/div><p>Magyarorsz\u00e1g egyik aranytartal\u00e9ka Szolnok \u00e9s annak k\u00f6rny\u00e9ke &#8211; mondta az LMP minisztereln\u00f6k-jel\u00f6ltje. Sz\u00e9l Bernadett mai szolnoki utcaf\u00f3rum\u00e1n \u00fagy fogalmazott: az orsz\u00e1g sz\u00e1m\u00e1ra kit\u00f6r\u00e9si pontot jelent a magas, vil\u00e1gsz\u00ednvonal\u00fa oktat\u00e1s. A politikus szerint ma arra van sz\u00fcks\u00e9g, hogy az orsz\u00e1gban minden v\u00e1ros, \u00edgy a vid\u00e9k is er\u0151s\u00f6dj\u00f6n. <\/p>\n<p>Sz\u00e9l Bernadett, hangs\u00falyozta &#8211; -Az LMP \u00e9s az \u00daj Kezdet a k\u00f6z\u00f6s programj\u00e1ban arra tett hatalmas hangs\u00falyt, hogy hogyan tudunk vil\u00e1gsz\u00ednvonal\u00fa oktat\u00e1st l\u00e9trehozni. \u00c9s ez nem valami t\u00falz\u00e1s. A 21. sz\u00e1zadban vagyunk, ami k\u00fcl\u00f6n\u00f6sen \u00e9rt\u00e9kes lesz ebben a sz\u00e1zadban az a kiv\u00e1l\u00f3 szakember \u00e9s a vid\u00e9k, illetve mindaz, amit a vid\u00e9k el\u0151 tud \u00e1ll\u00edtani. Azok az \u00e9lelmiszerek, azok a term\u00e9kek, amiket ut\u00e1na feldolgozunk, amik munk\u00e1t adnak, amik biztons\u00e1gosak, nem vegyszerezettek, amik helyben termel\u0151i piacon r\u00f6gt\u00f6n \u00e9rt\u00e9kes\u00edt\u00e9sre ker\u00fclnek, ezek alkotj\u00e1k Magyarorsz\u00e1g aranytartal\u00e9k\u00e1t.&#8221;      <\/p>\n<p>Sz\u00e9l Bernadett szerint egy er\u0151s orsz\u00e1g k\u00e9t pill\u00e9ren, az oktat\u00e1son, valamint az er\u0151s vid\u00e9ken nyugszik. Ezen felt\u00e9telek megteremt\u00e9s\u00e9re az\u00e9rt van sz\u00fcks\u00e9g, mert a 21. sz\u00e1zad amellett, hogy egy k\u00fczdelmes \u00e9vsz\u00e1zadnak \u00edg\u00e9rkezik, olyan kih\u00edv\u00e1sok el\u00e9 is \u00e1ll\u00edtja az orsz\u00e1got, amelyeknek csak ezek megl\u00e9t\u00e9vel tud megfelelni. Az LMP minisztereln\u00f6k-jel\u00f6ltje szerint a Magyarorsz\u00e1gnak minden es\u00e9lye meg van arra, hogy meger\u0151s\u00f6dve ker\u00fclj\u00f6n ki ezekb\u0151l a k\u00fczdelmekb\u0151l.<\/p>\n<p>-Most zajlanak azok az \u00e9vek, amikor el fog d\u0151lni, hogy Magyarorsz\u00e1g az Eur\u00f3pai Uni\u00f3nak egy ilyen perif\u00e9ri\u00e1ja lesz-e, marad-e, vagy pedig egy olyan orsz\u00e1g lesz\u00fcnk, ahova j\u00f3 hazaj\u00f6nni, ahol j\u00f3 otthon lenni \u00e9s ahonnan nem v\u00e1ndorolnak ki a fiataljaink. Ugyanis, most itt vagyunk Szolnokon \u00e9s nagyon sokan tudjuk azt, hogy a kiv\u00e1ndorl\u00e1s Nyugatra, Londonba, Berlinbe, Ausztri\u00e1ba az egy hatalmas probl\u00e9ma a vid\u00e9ki Magyarorsz\u00e1gon, de az elv\u00e1ndorl\u00e1s is az, amikor vid\u00e9ki v\u00e1rosokb\u00f3l Budapestre mennek tanulni p\u00e9ld\u00e1ul, vagy dolgozni fiatalok, az\u00e9rt mert otthon nincs munkahely\u00fck, nincs meg\u00e9lhet\u00e9s\u00fck.&#8221;  &#8211;   mondta Sz\u00e9l Bernadett<\/p>\n<p>Az LMP elk\u00f6telezett abban, hogy helyben er\u0151s\u00edtse a gazdas\u00e1got \u00e9s a k\u00f6z\u00f6ss\u00e9geket, ez\u00e9rt k\u00e9t alapot, a Z\u00f6ld Beruh\u00e1z\u00e1si Alapot \u00e9s a K\u00f6z\u00f6ss\u00e9gi Gazdas\u00e1gfejleszt\u00e9si Alapot is l\u00e9trehozn\u00e1k annak \u00e9rdek\u00e9ben, hogy helyben tudjanak munkahelyeket teremteni, valamint meg\u00e9lhet\u00e9st biztos\u00edtani a lakosoknak. <\/p>\n<p>Sz\u00e9l Bernadett r\u00e1mutatott &#8211; -Z\u00f6ldek vagyunk, a z\u00f6ldek mindig a helyiben gondolkodnak, \u00e9s abban gondolkodunk, hogy hogyan tudunk a 21. Sz\u00e1zad nyerteseiv\u00e9 v\u00e1lni, az eg\u00e9sz programunk err\u0151l sz\u00f3l. \u00c9s m\u00e9g egy fontos el\u0151ny\u00fcnk van az \u00f6sszes t\u00f6bbi p\u00e1rthoz k\u00e9pest, hogy mi tiszta kez\u0171 p\u00e1rt vagyunk. Nek\u00fcnk nincsenek oligarch\u00e1ink. Ez l\u00e1tszik is, most \u00e9ppen az\u00e9rt, mert sokkal kisebb a m\u00e9diafel\u00fclet\u00fcnk, sokkal kevesebb lehet\u0151s\u00e9g\u00fcnk van, de \u00f6n\u00f6knek ez az\u00e9rt pozit\u00edvum, mert, ha r\u00e1nk szavaznak, akkor korm\u00e1nyon, er\u0151s LMP-vel pontosan azt fogj\u00e1k kapni, amire mi szerz\u0151dt\u00fcnk \u00f6n\u00f6kkel \u00e9s amit ellenz\u00e9kb\u0151l \u00edg\u00e9rt\u00fcnk. Mert nek\u00fcnk senki nem ny\u00fajtja be a sz\u00e1ml\u00e1t, csak a magyar v\u00e1laszt\u00f3polg\u00e1rok.&#8221;<\/p>\n<p>A minisztereln\u00f6k-jel\u00f6lt emellett hangs\u00falyozta: p\u00e1rtja felszabad\u00edtja a vid\u00e9ket az oligarch\u00e1k uralma al\u00f3l, illetve megteremti a lehet\u0151s\u00e9g\u00e9t a helyi gazdat\u00e1rsadalom \u00fajraszervez\u0151d\u00e9s\u00e9nek is. Az LMP szeretn\u00e9 el\u00e9rni, hogy a t\u00e1jadotts\u00e1gokhoz alkalmazkod\u00f3, min\u0151s\u00e9gi term\u00e9ket \u00e9s szolg\u00e1ltat\u00e1st ny\u00fajt\u00f3 agrikult\u00fara biztos\u00edtson \u00e9lhet\u0151bb \u00e9letet, tisztess\u00e9ges j\u00f6vedelmet a meg\u00fajul\u00f3 falusi t\u00e1rsadalom sz\u00e1m\u00e1ra. Sz\u00e9l Bernadett arra is felh\u00edvta a figyelmet, hogy aki biztosra megy, \u00e9s szeretn\u00e9, ha ezek a c\u00e9lok megval\u00f3suln\u00e1nak, az az LMP-re szavaz \u00e1prilis 8-\u00e1n. <\/p>\n<div style=\"width: 640px;\" class=\"wp-video\"><!--[if lt IE 9]><script>document.createElement('video');<\/script><![endif]-->\n<video class=\"wp-video-shortcode\" id=\"video-8596-1\" width=\"640\" height=\"360\" preload=\"metadata\" controls=\"controls\"><source type=\"video\/mp4\" src=\"\/spots\/hir\/hir_180327_04.mp4?_=1\" \/><a href=\"\/spots\/hir\/hir_180327_04.mp4\">\/spots\/hir\/hir_180327_04.mp4<\/a><\/video><\/div>\n","protected":false},"excerpt":{"rendered":"<p>Magyarorsz\u00e1g egyik aranytartal\u00e9ka Szolnok \u00e9s annak k\u00f6rny\u00e9ke &#8211; mondta az LMP minisztereln\u00f6k-jel\u00f6ltje. Sz\u00e9l Bernadett mai szolnoki utcaf\u00f3rum\u00e1n \u00fagy fogalmazott: az orsz\u00e1g sz\u00e1m\u00e1ra kit\u00f6r\u00e9si pontot jelent a magas, vil\u00e1gsz\u00ednvonal\u00fa oktat\u00e1s. A politikus szerint ma arra van sz\u00fcks\u00e9g, hogy az orsz\u00e1gban minden v\u00e1ros, \u00edgy a vid\u00e9k is er\u0151s\u00f6dj\u00f6n. Sz\u00e9l Bernadett, hangs\u00falyozta &#8211; -Az LMP \u00e9s az \u00daj [&hellip;]<\/p>\n","protected":false},"author":2,"featured_media":0,"comment_status":"closed","ping_status":"closed","sticky":false,"template":"","format":"standard","meta":[],"categories":[9],"tags":[],"_links":{"self":[{"href":"http:\/\/archiv.szolnoktv.hu\/index.php?rest_route=\/wp\/v2\/posts\/8596"}],"collection":[{"href":"http:\/\/archiv.szolnoktv.hu\/index.php?rest_route=\/wp\/v2\/posts"}],"about":[{"href":"http:\/\/archiv.szolnoktv.hu\/index.php?rest_route=\/wp\/v2\/types\/post"}],"author":[{"embeddable":true,"href":"http:\/\/archiv.szolnoktv.hu\/index.php?rest_route=\/wp\/v2\/users\/2"}],"replies":[{"embeddable":true,"href":"http:\/\/archiv.szolnoktv.hu\/index.php?rest_route=%2Fwp%2Fv2%2Fcomments&post=8596"}],"version-history":[{"count":1,"href":"http:\/\/archiv.szolnoktv.hu\/index.php?rest_route=\/wp\/v2\/posts\/8596\/revisions"}],"predecessor-version":[{"id":8597,"href":"http:\/\/archiv.szolnoktv.hu\/index.php?rest_route=\/wp\/v2\/posts\/8596\/revisions\/8597"}],"wp:attachment":[{"href":"http:\/\/archiv.szolnoktv.hu\/index.php?rest_route=%2Fwp%2Fv2%2Fmedia&parent=8596"}],"wp:term":[{"taxonomy":"category","embeddable":true,"href":"http:\/\/archiv.szolnoktv.hu\/index.php?rest_route=%2Fwp%2Fv2%2Fcategories&post=8596"},{"taxonomy":"post_tag","embeddable":true,"href":"http:\/\/archiv.szolnoktv.hu\/index.php?rest_route=%2Fwp%2Fv2%2Ftags&post=8596"}],"curies":[{"name":"wp","href":"https:\/\/api.w.org\/{rel}","templated":true}]}}