{"id":8593,"date":"2018-03-27T15:33:54","date_gmt":"2018-03-27T15:33:54","guid":{"rendered":"http:\/\/archiv.szolnoktv.hu\/?p=8593"},"modified":"2021-08-13T20:00:45","modified_gmt":"2021-08-13T20:00:45","slug":"beazas-miatt-kuszkodnek","status":"publish","type":"post","link":"http:\/\/archiv.szolnoktv.hu\/?p=8593","title":{"rendered":"Be\u00e1z\u00e1s miatt k\u00fcszk\u00f6dnek"},"content":{"rendered":"<div class='booster-block booster-read-block'><\/div><p>Be\u00e1z\u00e1s nyomai egy nappali fal\u00e1n. A Nagy Imre k\u00f6r\u00fat egyik t\u00e1rsash\u00e1z\u00e1ban a 10. emelet lak\u00f3i m\u00e1r \u00e9vek \u00f3ta tapasztalj\u00e1k a fal vizesed\u00e9s\u00e9t. V\u00e1lik a tap\u00e9ta, a plafonr\u00f3l lepotyog a fest\u00e9k \u00e9s m\u00e1r a pen\u00e9sz is megjelent. A megold\u00e1s a teljes tet\u0151szigetel\u00e9s lenne, amelyet a lak\u00f3k t\u00f6bbs\u00e9ge a lak\u00f3gy\u0171l\u00e9sen megszavazott. K\u00e9t bankn\u00e1l is \u00e1ll a hitelk\u00e9relem, azonban egy lak\u00f3 miatt ezt m\u00e9gsem tudj\u00e1k felvenni. M\u00e1r t\u00edz milli\u00f3 forintot kellene ig\u00e9nyelni\u00fck, de ez az \u00f6sszeg az \u00e1llagroml\u00e1s miatt \u00e9vr\u0151l \u00e9vre n\u00f6vekszik. <\/p>\n<p>-A probl\u00e9ma ugye az volt, hogy a t\u00e1rsash\u00e1zi t\u00f6rv\u00e9nyben van egy olyan kit\u00e9tel, r\u00e9sz, paragrafus, ha egy tulajdonos nem \u00e9rt egyet a k\u00f6zgy\u0171l\u00e9si hat\u00e1rozattal, akkor nincs el\u0151\u00edr\u00e1s milyen tulajdoni h\u00e1nyaddal, de megt\u00e1madhatja b\u00edr\u00f3s\u00e1gon ezt a hat\u00e1rozatot.&#8221; &#8211; v\u00e1zolta fel a probl\u00e9m\u00e1t Nagy S\u00e1ndor, a h\u00e1z k\u00f6z\u00f6s k\u00e9pvisel\u0151je.<\/p>\n<p>A lak\u00f3 az egyik kilencedik emelet lak\u00e1s tulajdonosa, akit nem foglalkozik azzal, mi t\u00f6bb, nem is \u00e9rdekli, hogy a felette lak\u00f3k t\u00f6bb \u00e9ve be\u00e1znak. A probl\u00e9m\u00e1val tavaly m\u00e1rciusban b\u00edr\u00f3s\u00e1ghoz is fordultak, a t\u00e1rgyal\u00e1sok az\u00f3ta is zajlanak. M\u00e1r t\u00f6bb milli\u00f3 forintot ford\u00edtott a t\u00e1rsash\u00e1z a fel\u00faj\u00edt\u00e1sokra. Az egyik lak\u00e1sban m\u00e9g az elektromos vezet\u00e9ket is t\u00f6nkretette. Csak a szerencs\u00e9nek k\u00f6sz\u00f6nhetik, hogy nem \u00fct\u00f6tt ki t\u0171z.<\/p>\n<p>-Nem tudom mi\u00e9rt akad\u00e1lyozz\u00e1k ezt, mert v\u00e9g\u00fcl is mindenkinek az \u00e9rdeke, hogy ha mi le\u00e1zunk, az megy eg\u00e9szen az \u00f6t\u00f6dik emeletig is le tudnak \u00e1zni, ugye a panelban elfolyik a v\u00edz \u00e9s nem csak mi k\u00e1rosulunk ez \u00e1ltal, hanem m\u00e1s is. M\u00e1shol is s\u00falyos anyagi k\u00e1rokat tud okozni.&#8221;- mondta S\u00e1rk\u00e1ny L\u00e1szl\u00f3, az egyik lak\u00f3, aki a fal vizesed\u00e9s\u00e9t tapasztalja.<\/p>\n<p>Fel\u00faj\u00edtani sem tudnak az \u00e1lland\u00f3 be\u00e1z\u00e1sok miatt. A lak\u00f3k\u00f6z\u00f6ss\u00e9g legink\u00e1bb a t\u00f6rv\u00e9nyen szeretne m\u00f3dos\u00edtani. Szerint\u00fck az lenne a legjobb, ha nem egy lak\u00f3 d\u00f6nthetn\u00e9 el kilenc m\u00e1sik sors\u00e1t. A fel\u00faj\u00edt\u00e1s nem csak a lak\u00f3k \u00e9let\u00e9t tenn\u00e9 k\u00f6nnyebb\u00e9, de az ingatlan \u00e1r\u00e1t is n\u00f6veln\u00e9.<\/p>\n<div style=\"width: 640px;\" class=\"wp-video\"><!--[if lt IE 9]><script>document.createElement('video');<\/script><![endif]-->\n<video class=\"wp-video-shortcode\" id=\"video-8593-1\" width=\"640\" height=\"360\" preload=\"metadata\" controls=\"controls\"><source type=\"video\/mp4\" src=\"\/spots\/hir\/hir_180327_01.mp4?_=1\" \/><a href=\"\/spots\/hir\/hir_180327_01.mp4\">\/spots\/hir\/hir_180327_01.mp4<\/a><\/video><\/div>\n","protected":false},"excerpt":{"rendered":"<p>Be\u00e1z\u00e1s nyomai egy nappali fal\u00e1n. A Nagy Imre k\u00f6r\u00fat egyik t\u00e1rsash\u00e1z\u00e1ban a 10. emelet lak\u00f3i m\u00e1r \u00e9vek \u00f3ta tapasztalj\u00e1k a fal vizesed\u00e9s\u00e9t. V\u00e1lik a tap\u00e9ta, a plafonr\u00f3l lepotyog a fest\u00e9k \u00e9s m\u00e1r a pen\u00e9sz is megjelent. A megold\u00e1s a teljes tet\u0151szigetel\u00e9s lenne, amelyet a lak\u00f3k t\u00f6bbs\u00e9ge a lak\u00f3gy\u0171l\u00e9sen megszavazott. K\u00e9t bankn\u00e1l is \u00e1ll a hitelk\u00e9relem, [&hellip;]<\/p>\n","protected":false},"author":2,"featured_media":0,"comment_status":"closed","ping_status":"closed","sticky":false,"template":"","format":"standard","meta":[],"categories":[9],"tags":[],"_links":{"self":[{"href":"http:\/\/archiv.szolnoktv.hu\/index.php?rest_route=\/wp\/v2\/posts\/8593"}],"collection":[{"href":"http:\/\/archiv.szolnoktv.hu\/index.php?rest_route=\/wp\/v2\/posts"}],"about":[{"href":"http:\/\/archiv.szolnoktv.hu\/index.php?rest_route=\/wp\/v2\/types\/post"}],"author":[{"embeddable":true,"href":"http:\/\/archiv.szolnoktv.hu\/index.php?rest_route=\/wp\/v2\/users\/2"}],"replies":[{"embeddable":true,"href":"http:\/\/archiv.szolnoktv.hu\/index.php?rest_route=%2Fwp%2Fv2%2Fcomments&post=8593"}],"version-history":[{"count":1,"href":"http:\/\/archiv.szolnoktv.hu\/index.php?rest_route=\/wp\/v2\/posts\/8593\/revisions"}],"predecessor-version":[{"id":8600,"href":"http:\/\/archiv.szolnoktv.hu\/index.php?rest_route=\/wp\/v2\/posts\/8593\/revisions\/8600"}],"wp:attachment":[{"href":"http:\/\/archiv.szolnoktv.hu\/index.php?rest_route=%2Fwp%2Fv2%2Fmedia&parent=8593"}],"wp:term":[{"taxonomy":"category","embeddable":true,"href":"http:\/\/archiv.szolnoktv.hu\/index.php?rest_route=%2Fwp%2Fv2%2Fcategories&post=8593"},{"taxonomy":"post_tag","embeddable":true,"href":"http:\/\/archiv.szolnoktv.hu\/index.php?rest_route=%2Fwp%2Fv2%2Ftags&post=8593"}],"curies":[{"name":"wp","href":"https:\/\/api.w.org\/{rel}","templated":true}]}}