{"id":8592,"date":"2018-03-26T18:27:44","date_gmt":"2018-03-26T18:27:44","guid":{"rendered":"http:\/\/archiv.szolnoktv.hu\/?p=8592"},"modified":"2021-08-13T20:00:45","modified_gmt":"2021-08-13T20:00:45","slug":"egyutt-a-penzugyi-tudatossagert","status":"publish","type":"post","link":"http:\/\/archiv.szolnoktv.hu\/?p=8592","title":{"rendered":"-Egy\u00fctt a p\u00e9nz\u00fcgyi tudatoss\u00e1g\u00e9rt&#8221;"},"content":{"rendered":"<div class='booster-block booster-read-block'><\/div><p>H\u00e9tf\u0151n a NJE Gazdas\u00e1gtudom\u00e1nyi Kar\u00e1nak mintegy 100 hallgat\u00f3ja a p\u00e9nz\u00fcgyek egy speci\u00e1lis ter\u00fclet\u00e9r\u0151l a b\u00e9k\u00e9ltet\u00e9sr\u0151l \u00e9s a fogyaszt\u00f3v\u00e9delemr\u0151l kapott t\u00e1j\u00e9koztat\u00e1st. Az int\u00e9zm\u00e9nyben fels\u0151fok\u00fa szakk\u00e9pz\u00e9sben, alapk\u00e9pz\u00e9sben \u00e9s mesterszakon is tanulnak p\u00e9nz\u00fcgyeket az egyetemist\u00e1k. <\/p>\n<p>Dr. Lakatos Vilmos a NJE Gazdas\u00e1gtudom\u00e1nyi Kar\u00e1nak d\u00e9k\u00e1nja kiemelte:  -Mi olyan hallgat\u00f3kat k\u00e9pz\u00fcnk, k\u00fcl\u00f6n\u00f6sen a p\u00e9nz\u00fcgy- \u00e9s sz\u00e1mvitel szakos hallgat\u00f3ink eset\u00e9n, akik ezekben a folyamatokban nagy seg\u00edts\u00e9get tudnak ny\u00fajtani, de nekik is meg kell kapni azokat az inform\u00e1ci\u00f3kat, hogy min kereszt\u00fcl lehet t\u00e1j\u00e9koztatni, inform\u00e1ci\u00f3val ell\u00e1tni az erre r\u00e1szorul\u00f3kat.&#8221;  <\/p>\n<p>A hallgat\u00f3k fejl\u0151d\u00e9se a ter\u00fcleten folyamatos, a t\u00e9m\u00e1val foglalkoz\u00f3 szakdolgozatok sz\u00e1ma n\u00f6vekszik  &#8211;   tette hozz\u00e1 Lakatos Vilmos. Ennek az az oka  &#8211;  folytatta-, hogy a szolnoki Gazdas\u00e1gtudom\u00e1nyi Kar oktat\u00f3i felk\u00e9sz\u00fcltek a t\u00e9m\u00e1ban, illetve a MNB -L\u00e9gy kreat\u00edv fels\u0151fokon&#8221; p\u00e1ly\u00e1zata is \u00f6szt\u00f6nzi a hallgat\u00f3kat. A p\u00e9nz\u00fcgyi tudatoss\u00e1g egyik alappill\u00e9re a MNB P\u00e9nz\u00fcgyi Fogyaszt\u00f3v\u00e9delmi K\u00f6zpontja.<\/p>\n<p>-Igyeksz\u00fcnk a fogyaszt\u00f3kat olyan inform\u00e1ci\u00f3val, t\u00e1j\u00e9koztat\u00e1ssal ell\u00e1tni, ami alapj\u00e1n el tudj\u00e1k d\u00f6nteni, hogy esetleg egy adott p\u00e9nz\u00fcgyi d\u00f6nt\u00e9st milyen k\u00f6r\u00fclm\u00e9nyek k\u00f6z\u00f6tt tudnak meghozni. Az a tapasztalat, hogy sajnos a mai Magyarorsz\u00e1gon m\u00e9g mindig csak \u00fagy belev\u00e1gnak a p\u00e9nz\u00fcgyi d\u00f6nt\u00e9sekbe a fogyaszt\u00f3k \u00e9s nem j\u00e1rj\u00e1k k\u00f6r\u00fcl a t\u00e9m\u00e1t, nem \u00fagy hozz\u00e1k meg a d\u00f6nt\u00e9seiket, hogy az tudatosnak mondhat\u00f3 legyen.&#8221;  &#8211; mondta Szab\u00f3 J\u00f3zsef, az MNB P\u00e9nz\u00fcgyi Fogyaszt\u00f3v\u00e9delmi K\u00f6zpont vezet\u0151je<\/p>\n<p>A fogyaszt\u00f3k emellett a P\u00e9nz\u00fcgyi B\u00e9k\u00e9ltet\u0151 Test\u00fclethez is fordulhatnak. Ez a szervezet abban seg\u00edt, hogy a t\u00f6bbi k\u00f6z\u00f6tt a hitelint\u00e9zetekkel, biztos\u00edt\u00f3kkal \u00e9s befektet\u00e9si szolg\u00e1ltat\u00f3kkal kialakult vit\u00e1s k\u00e9rd\u00e9seket peren k\u00edv\u00fcl tudj\u00e1k rendezni. Az el\u0151ad\u00e1s arra is r\u00e1ir\u00e1ny\u00edtotta a figyelmet, hogy a  p\u00e9nz\u00fcgyi tudatoss\u00e1g hossz\u00fa t\u00e1von ak\u00e1r egy eg\u00e9sz v\u00e1ros, vagy t\u00e9rs\u00e9g gazdas\u00e1gi teljes\u00edtm\u00e9ny\u00e9re is hat\u00e1ssal lehet.<br \/>Dr. T\u00far\u00f3czi Imre a Szolnok Polg\u00e1rmesteri Hivatal gazdas\u00e1gi igazgat\u00f3ja al\u00e1h\u00fazta: -Abban a f\u00f6ldrajzi t\u00e9rs\u00e9gben, gazdas\u00e1gi t\u00e9rs\u00e9gben, ahol p\u00e9nz\u00fcgyileg tudatos \u00e1llampolg\u00e1rok \u00e9lnek, p\u00e9nz\u00fcgyileg kell\u0151en tudatos v\u00e1llalkoz\u00e1sok m\u0171k\u00f6dnek, annak a versenyk\u00e9pess\u00e9ge sok szempontb\u00f3l er\u0151sebb, mint az elhanyagoltabb ter\u00fcleteken.&#8221;<br \/>Szolnokon az orsz\u00e1gban az els\u0151k k\u00f6z\u00f6tt alakult meg a P\u00e9nz\u00fcgyi Fogyaszt\u00f3v\u00e9delmi Tan\u00e1csad\u00f3 Iroda, amelyet a Merkating Nonprofit Kft. \u00fczemeltet. Az iroda els\u0151sorban a befektet\u00e9sekr\u0151l, hitelekr\u0151l \u00e9s m\u00e1s p\u00e9nz\u00fcgyi term\u00e9kekr\u0151l ny\u00fajt ingyenes t\u00e1j\u00e9koztat\u00e1st, de panasz eset\u00e9n \u00fatbaigaz\u00edt\u00e1ssal jogs\u00e9relem eset\u00e9n pedig t\u00e1mogat\u00e1ssal is seg\u00edti az \u00fcgyfeleit.<\/p>\n<div style=\"width: 640px;\" class=\"wp-video\"><!--[if lt IE 9]><script>document.createElement('video');<\/script><![endif]-->\n<video class=\"wp-video-shortcode\" id=\"video-8592-1\" width=\"640\" height=\"360\" preload=\"metadata\" controls=\"controls\"><source type=\"video\/mp4\" src=\"\/spots\/hir\/hir_180326_07.mp4?_=1\" \/><a href=\"\/spots\/hir\/hir_180326_07.mp4\">\/spots\/hir\/hir_180326_07.mp4<\/a><\/video><\/div>\n","protected":false},"excerpt":{"rendered":"<p>H\u00e9tf\u0151n a NJE Gazdas\u00e1gtudom\u00e1nyi Kar\u00e1nak mintegy 100 hallgat\u00f3ja a p\u00e9nz\u00fcgyek egy speci\u00e1lis ter\u00fclet\u00e9r\u0151l a b\u00e9k\u00e9ltet\u00e9sr\u0151l \u00e9s a fogyaszt\u00f3v\u00e9delemr\u0151l kapott t\u00e1j\u00e9koztat\u00e1st. Az int\u00e9zm\u00e9nyben fels\u0151fok\u00fa szakk\u00e9pz\u00e9sben, alapk\u00e9pz\u00e9sben \u00e9s mesterszakon is tanulnak p\u00e9nz\u00fcgyeket az egyetemist\u00e1k. Dr. Lakatos Vilmos a NJE Gazdas\u00e1gtudom\u00e1nyi Kar\u00e1nak d\u00e9k\u00e1nja kiemelte: -Mi olyan hallgat\u00f3kat k\u00e9pz\u00fcnk, k\u00fcl\u00f6n\u00f6sen a p\u00e9nz\u00fcgy- \u00e9s sz\u00e1mvitel szakos hallgat\u00f3ink eset\u00e9n, akik ezekben [&hellip;]<\/p>\n","protected":false},"author":2,"featured_media":0,"comment_status":"closed","ping_status":"closed","sticky":false,"template":"","format":"standard","meta":[],"categories":[9],"tags":[],"_links":{"self":[{"href":"http:\/\/archiv.szolnoktv.hu\/index.php?rest_route=\/wp\/v2\/posts\/8592"}],"collection":[{"href":"http:\/\/archiv.szolnoktv.hu\/index.php?rest_route=\/wp\/v2\/posts"}],"about":[{"href":"http:\/\/archiv.szolnoktv.hu\/index.php?rest_route=\/wp\/v2\/types\/post"}],"author":[{"embeddable":true,"href":"http:\/\/archiv.szolnoktv.hu\/index.php?rest_route=\/wp\/v2\/users\/2"}],"replies":[{"embeddable":true,"href":"http:\/\/archiv.szolnoktv.hu\/index.php?rest_route=%2Fwp%2Fv2%2Fcomments&post=8592"}],"version-history":[{"count":1,"href":"http:\/\/archiv.szolnoktv.hu\/index.php?rest_route=\/wp\/v2\/posts\/8592\/revisions"}],"predecessor-version":[{"id":8601,"href":"http:\/\/archiv.szolnoktv.hu\/index.php?rest_route=\/wp\/v2\/posts\/8592\/revisions\/8601"}],"wp:attachment":[{"href":"http:\/\/archiv.szolnoktv.hu\/index.php?rest_route=%2Fwp%2Fv2%2Fmedia&parent=8592"}],"wp:term":[{"taxonomy":"category","embeddable":true,"href":"http:\/\/archiv.szolnoktv.hu\/index.php?rest_route=%2Fwp%2Fv2%2Fcategories&post=8592"},{"taxonomy":"post_tag","embeddable":true,"href":"http:\/\/archiv.szolnoktv.hu\/index.php?rest_route=%2Fwp%2Fv2%2Ftags&post=8592"}],"curies":[{"name":"wp","href":"https:\/\/api.w.org\/{rel}","templated":true}]}}