{"id":8591,"date":"2018-03-26T18:03:28","date_gmt":"2018-03-26T18:03:28","guid":{"rendered":"http:\/\/archiv.szolnoktv.hu\/?p=8591"},"modified":"2021-08-13T20:00:46","modified_gmt":"2021-08-13T20:00:46","slug":"forras-projekt","status":"publish","type":"post","link":"http:\/\/archiv.szolnoktv.hu\/?p=8591","title":{"rendered":"Forr\u00e1s-projekt"},"content":{"rendered":"<div class='booster-block booster-read-block'><\/div><p>A Besenysz\u00f6gi Eszterl\u00e1nc \u00d3voda el\u0151ad\u00e1sa nyitotta meg a h\u00e9tf\u0151i, nyugd\u00edjasoknak sz\u00f3l\u00f3  -Akt\u00edv-mulat\u00f3s&#8221; rendezv\u00e9nyt. Az ovisokat az \u00d5szik\u00e9k Nyugd\u00edjas Klub l\u00e1tta vend\u00e9g\u00fcl. A mai \u00fcnneps\u00e9g m\u00e1r a <br \/>Forr\u00e1s -projekt r\u00e9v\u00e9n nyert p\u00e1ly\u00e1zati t\u00e1mogat\u00e1sb\u00f3l val\u00f3sult meg. <\/p>\n<p>-A Kamasz-tanya nyert egy Eur\u00f3pai Uni\u00f3s p\u00e1ly\u00e1zatot, melynek a c\u00edme Forr\u00e1s-projekt. Mag\u00e1nak a Forr\u00e1s-projektnek nagyon sok c\u00e9lcsoportja van. \u00c9s a c\u00e9lcsoportba tartoznak az id\u0151sek is.&#8221; -nyilatkozta Csizik ren\u00e1ta, a Forr\u00e1s-projekt vezet\u0151je.<\/p>\n<p>A projekt l\u00e9nyege t\u00f6bbgener\u00e1ci\u00f3s rendezv\u00e9nyek l\u00e9trehoz\u00e1sa. Ezen alkalmakkor az id\u0151sek k\u00f6zelebb ker\u00fclnek a fiatalabb gener\u00e1ci\u00f3hoz. Ennek egyik eszk\u00f6ze az aj\u00e1nd\u00e9koz\u00e1s, adom\u00e1nyoz\u00e1s.<\/p>\n<p>A besenysz\u00f6gi nyugd\u00edjas klub tagjai kincses ersz\u00e9nyeket k\u00e9sz\u00edtettek az ovisok sz\u00e1m\u00e1ra. A Forr\u00e1s-projekt a helyi ig\u00e9nyeket \u00e9s a val\u00f3s sz\u00fcks\u00e9gleteket tartja szem el\u0151tt. A projekt \u00e1ltal a j\u00f6v\u0151ben egy\u00e9ni \u00e9s szervezeti szinten is egy\u00fcttm\u0171k\u00f6d\u00e9sre \u00f6szt\u00f6nz\u0151 programokat k\u00edv\u00e1nnak l\u00e9tre hozni. <br \/>-Ny\u00e1ron lesz majd k\u00e9t nagy rendezv\u00e9ny\u00fcnk \u00e9s a mind a kett\u0151 a Sz\u00e9chenyi Lak\u00f3telepen lesz megtartva. Az egyik az a Nyugd\u00edjas Klubok tal\u00e1lkoz\u00f3ja lesz, ami megyei szint\u0171, hiszen a p\u00e1ly\u00e1zatunkat kib\u0151v\u00edtett\u00fck megyei szintre. Itt f\u0151z\u00e9s lesz majd, f\u0151z\u0151verseny \u00e9s k\u00fcl\u00f6nb\u00f6z\u0151 programok. Szint\u00e9n, hogy jobban megismerj\u00e9k egym\u00e1st, illetve unok\u00e1kat is hozzanak magukkal.&#8221;<\/p>\n<p>A projekt vezet\u0151je kiemelte: a ny\u00e1r folyam\u00e1n polg\u00e1r\u0151r tal\u00e1lkoz\u00f3t is szerveznek a Sz\u00e9chenyi Lak\u00f3telepen, amely szint\u00e9n egy k\u00f6z\u00f6ss\u00e9g\u00e9p\u00edt\u0151 program lesz.<\/p>\n<div style=\"width: 640px;\" class=\"wp-video\"><!--[if lt IE 9]><script>document.createElement('video');<\/script><![endif]-->\n<video class=\"wp-video-shortcode\" id=\"video-8591-1\" width=\"640\" height=\"360\" preload=\"metadata\" controls=\"controls\"><source type=\"video\/mp4\" src=\"\/spots\/hir\/hir_180326_05.mp4?_=1\" \/><a href=\"\/spots\/hir\/hir_180326_05.mp4\">\/spots\/hir\/hir_180326_05.mp4<\/a><\/video><\/div>\n","protected":false},"excerpt":{"rendered":"<p>A Besenysz\u00f6gi Eszterl\u00e1nc \u00d3voda el\u0151ad\u00e1sa nyitotta meg a h\u00e9tf\u0151i, nyugd\u00edjasoknak sz\u00f3l\u00f3 -Akt\u00edv-mulat\u00f3s&#8221; rendezv\u00e9nyt. Az ovisokat az \u00d5szik\u00e9k Nyugd\u00edjas Klub l\u00e1tta vend\u00e9g\u00fcl. A mai \u00fcnneps\u00e9g m\u00e1r a Forr\u00e1s -projekt r\u00e9v\u00e9n nyert p\u00e1ly\u00e1zati t\u00e1mogat\u00e1sb\u00f3l val\u00f3sult meg. -A Kamasz-tanya nyert egy Eur\u00f3pai Uni\u00f3s p\u00e1ly\u00e1zatot, melynek a c\u00edme Forr\u00e1s-projekt. Mag\u00e1nak a Forr\u00e1s-projektnek nagyon sok c\u00e9lcsoportja van. \u00c9s a c\u00e9lcsoportba [&hellip;]<\/p>\n","protected":false},"author":2,"featured_media":0,"comment_status":"closed","ping_status":"closed","sticky":false,"template":"","format":"standard","meta":[],"categories":[9],"tags":[],"_links":{"self":[{"href":"http:\/\/archiv.szolnoktv.hu\/index.php?rest_route=\/wp\/v2\/posts\/8591"}],"collection":[{"href":"http:\/\/archiv.szolnoktv.hu\/index.php?rest_route=\/wp\/v2\/posts"}],"about":[{"href":"http:\/\/archiv.szolnoktv.hu\/index.php?rest_route=\/wp\/v2\/types\/post"}],"author":[{"embeddable":true,"href":"http:\/\/archiv.szolnoktv.hu\/index.php?rest_route=\/wp\/v2\/users\/2"}],"replies":[{"embeddable":true,"href":"http:\/\/archiv.szolnoktv.hu\/index.php?rest_route=%2Fwp%2Fv2%2Fcomments&post=8591"}],"version-history":[{"count":1,"href":"http:\/\/archiv.szolnoktv.hu\/index.php?rest_route=\/wp\/v2\/posts\/8591\/revisions"}],"predecessor-version":[{"id":8602,"href":"http:\/\/archiv.szolnoktv.hu\/index.php?rest_route=\/wp\/v2\/posts\/8591\/revisions\/8602"}],"wp:attachment":[{"href":"http:\/\/archiv.szolnoktv.hu\/index.php?rest_route=%2Fwp%2Fv2%2Fmedia&parent=8591"}],"wp:term":[{"taxonomy":"category","embeddable":true,"href":"http:\/\/archiv.szolnoktv.hu\/index.php?rest_route=%2Fwp%2Fv2%2Fcategories&post=8591"},{"taxonomy":"post_tag","embeddable":true,"href":"http:\/\/archiv.szolnoktv.hu\/index.php?rest_route=%2Fwp%2Fv2%2Ftags&post=8591"}],"curies":[{"name":"wp","href":"https:\/\/api.w.org\/{rel}","templated":true}]}}