{"id":8590,"date":"2018-03-26T16:32:51","date_gmt":"2018-03-26T16:32:51","guid":{"rendered":"http:\/\/archiv.szolnoktv.hu\/?p=8590"},"modified":"2021-08-13T20:00:46","modified_gmt":"2021-08-13T20:00:46","slug":"a-belviz-miatt-csusznak-a-tavaszi-munkak-a-foldeken","status":"publish","type":"post","link":"http:\/\/archiv.szolnoktv.hu\/?p=8590","title":{"rendered":"A belv\u00edz miatt cs\u00fasznak a tavaszi munk\u00e1k a f\u00f6ldeken"},"content":{"rendered":"<div class='booster-block booster-read-block'><\/div><p>M\u00e1sodfok\u00fara m\u00e9rs\u00e9kl\u0151d\u00f6tt az \u00e9rv\u00e9nyben l\u00e9v\u0151 legmagasabb belv\u00edzv\u00e9delmi k\u00e9sz\u00fclts\u00e9g a K\u00f6z\u00e9p-Tisza-vid\u00e9ki V\u00edz\u00fcgyi Igazgat\u00f3s\u00e1g m\u0171k\u00f6d\u00e9si ter\u00fclet\u00e9n. A ma reggeli legfrissebb adatok szerint a K\u00d6TIVIZIG ter\u00fclet\u00e9n 14400 hekt\u00e1r az el\u00f6nt\u00e9s nagys\u00e1ga. 5210 hekt\u00e1rnyi vet\u00e9s \u00e9s 2920 hekt\u00e1rnyi sz\u00e1nt\u00f3f\u00f6ld \u00e1ll v\u00edz alatt. A mez\u0151gazd\u00e1szokat \u00e9rt  k\u00e1r felm\u00e9r\u00e9se folyamatos-mondta el Hubai Imre Csaba. <br \/> Hubai Imre Csaba a  Nemzeti Agr\u00e1rgazdas\u00e1gi Kamara J\u00e1sz-Nagykun-Szolnok  Megyei eln\u00f6ke elmondta: <br \/>-&#8220;\u00d6tven szivatty\u00fatelepen t\u00f6rt\u00e9nik a v\u00edzmentes\u00edt\u00e9s, 1500 mobil berendez\u00e9ssel sz\u00edvatjuk m\u00e9g a vizet ezen k\u00edv\u00fcl \u00e9s 1 milli\u00f3 3000 k\u00f6bm\u00e9ter vizet sz\u00edvatunk le naponta, Ez \u00f3ri\u00e1si v\u00edzt\u00f6meg , amire p\u00e9lda 10 \u00e9venk\u00e9nt egyszer van.&#8221;<\/p>\n<p>A K\u00d6TIVIZIG h\u00e9tf\u0151 reggeli adatai szerint megy\u00e9nkben 9900 hekt\u00e1r f\u00f6ld van v\u00edz alatt. Az elm\u00falt 24 \u00f3r\u00e1ban 3,3 milli\u00f3 k\u00f6bm\u00e9ternyi vizet szivatty\u00faztak el a f\u00f6ldekr\u0151l. Szolnok mellett valamivel jobb a helyzet. <\/p>\n<p>Rig\u00f3 Andr\u00e1s gazd\u00e1lkod\u00f3: <\/p>\n<p>-&#8220;N\u00e1luk is megjelent a belv\u00edz, igaz, hogy nem akkora m\u00e9rt\u00e9kben, mint m\u00e1s ter\u00fcleteken. N\u00e1lunk kisebb v\u00edzfoltok vannak.<br \/>Ezt a Szolnok melletti ter\u00fcletet megk\u00edm\u00e9lte a belv\u00edz. &#8211;<\/p>\n<p>Rig\u00f3 Andr\u00e1s 20 \u00e9ve gazd\u00e1lkodik 300 hekt\u00e1r f\u00f6ld\u00f6n, gabon\u00e1t napraforg\u00f3t,  \u00e9s kukoric\u00e1t termeszt.<\/p>\n<p>-&#8220;Az\u00e9rt itt is l\u00e1tszik,hogy voltak vizek. L\u00e1tszanak azok a barna foltok, ahol m\u00e1s sz\u00edn\u0171 a vet\u00e9s ott sajnos pang\u00f3 v\u00edz van, ott sajnos a f\u00f6ld felsz\u00edne alatt \u00e1ll a v\u00edz-mondta. &#8211;<\/p>\n<p>Ha a k\u00f6vetkez\u0151 id\u0151szakban nem lesz csapad\u00e9k, akkor itt ezen a ter\u00fcleten nem okoz vesztes\u00e9get a belv\u00edz-tette hozz\u00e1. Neki  szivatty\u00faznia sem kellett. <br \/>A megye m\u00e1s ter\u00fcletein azonban nagyobb csap\u00e1st m\u00e9rt a f\u00f6ldekre  a belv\u00edz.<br \/>Van ahol 10-50%-os k\u00e1rra sz\u00e1m\u00edtanak, s\u0151t a ter\u00fclet egyharmad\u00e1n,  5-6 ezer hekt\u00e1ron teljesen ki fog pusztulni az \u0151szi vet\u00e9s-hangs\u00falyozta az agr\u00e1rgazdas\u00e1gi kamara megyei eln\u00f6ke.<\/p>\n<p>Hubai Imre Csaba hozz\u00e1tette: <br \/>-&#8220;\u00d5szi vet\u00e9s\u0171 b\u00faz\u00e1t, \u0151szi vet\u00e9s\u0171 gabon\u00e1kat , b\u00faz\u00e1t, tritik\u00e1l\u00e9t, \u00e1rp\u00e1t \u00e9s repc\u00e9t, \u0151szi k\u00e1posztarepc\u00e9t. De ezen k\u00edv\u00fcl a sz\u00e1ntott ter\u00fcleteken is van belv\u00edz, ott meg akad\u00e1lyozza a tavaszi munk\u00e1k elkezd\u00e9st , a tavaszi munkafolyamatok v\u00e9gz\u00e9s\u00e9t. &#8211;<\/p>\n<p>Hubai Imre arra figyelmezteti a gazd\u00e1kat mindenk\u00e9ppen ig\u00e9nyelj\u00e9k a k\u00e1rtmentes\u00edt\u00e9st.  <\/p>\n<p>-&#8220;A k\u00e1renyh\u00edt\u00e9si folyamatba ezek a ter\u00fcletek besz\u00e1m\u00edtanak, teh\u00e1t egy 25-30%-os k\u00e1renyh\u00edt\u00e9sre lesz lehet\u0151s\u00e9g . Aki viszont m\u00e9g k\u00fcl\u00f6n biztos\u00edt\u00e1st is k\u00f6t az jelent\u0151sebb p\u00e9nz\u00f6sszeghez jut a k\u00e1renyh\u00edt\u00e9st kapcs\u00e1n&#8221;- hangs\u00falyozta.<\/p>\n<p>Ennek fel\u00e9t a Magyar \u00c1llam biztos\u00edtja-tette hozz\u00e1. A gazd\u00e1k a szeles, napos,  sz\u00e1raz id\u0151ben b\u00edznak most, hiszen a tavaszi vet\u00e9st nem tudt\u00e1k m\u00e1rciusban a f\u00f6ldekbe juttatni. A saras talajra m\u00e9g j\u00f3 ideig nem lehet a g\u00e9pekkel r\u00e1menni, \u00edgy  biztosan k\u00e9sik majd a tavaszi talaj-el\u0151k\u00e9sz\u00edt\u00e9s \u00e9s a vet\u00e9s id\u0151pontja. <\/p>\n<div style=\"width: 640px;\" class=\"wp-video\"><!--[if lt IE 9]><script>document.createElement('video');<\/script><![endif]-->\n<video class=\"wp-video-shortcode\" id=\"video-8590-1\" width=\"640\" height=\"360\" preload=\"metadata\" controls=\"controls\"><source type=\"video\/mp4\" src=\"\/spots\/hir\/hir_180326_04.mp4?_=1\" \/><a href=\"\/spots\/hir\/hir_180326_04.mp4\">\/spots\/hir\/hir_180326_04.mp4<\/a><\/video><\/div>\n","protected":false},"excerpt":{"rendered":"<p>M\u00e1sodfok\u00fara m\u00e9rs\u00e9kl\u0151d\u00f6tt az \u00e9rv\u00e9nyben l\u00e9v\u0151 legmagasabb belv\u00edzv\u00e9delmi k\u00e9sz\u00fclts\u00e9g a K\u00f6z\u00e9p-Tisza-vid\u00e9ki V\u00edz\u00fcgyi Igazgat\u00f3s\u00e1g m\u0171k\u00f6d\u00e9si ter\u00fclet\u00e9n. A ma reggeli legfrissebb adatok szerint a K\u00d6TIVIZIG ter\u00fclet\u00e9n 14400 hekt\u00e1r az el\u00f6nt\u00e9s nagys\u00e1ga. 5210 hekt\u00e1rnyi vet\u00e9s \u00e9s 2920 hekt\u00e1rnyi sz\u00e1nt\u00f3f\u00f6ld \u00e1ll v\u00edz alatt. A mez\u0151gazd\u00e1szokat \u00e9rt k\u00e1r felm\u00e9r\u00e9se folyamatos-mondta el Hubai Imre Csaba. Hubai Imre Csaba a Nemzeti Agr\u00e1rgazdas\u00e1gi Kamara [&hellip;]<\/p>\n","protected":false},"author":2,"featured_media":0,"comment_status":"closed","ping_status":"closed","sticky":false,"template":"","format":"standard","meta":[],"categories":[9],"tags":[],"_links":{"self":[{"href":"http:\/\/archiv.szolnoktv.hu\/index.php?rest_route=\/wp\/v2\/posts\/8590"}],"collection":[{"href":"http:\/\/archiv.szolnoktv.hu\/index.php?rest_route=\/wp\/v2\/posts"}],"about":[{"href":"http:\/\/archiv.szolnoktv.hu\/index.php?rest_route=\/wp\/v2\/types\/post"}],"author":[{"embeddable":true,"href":"http:\/\/archiv.szolnoktv.hu\/index.php?rest_route=\/wp\/v2\/users\/2"}],"replies":[{"embeddable":true,"href":"http:\/\/archiv.szolnoktv.hu\/index.php?rest_route=%2Fwp%2Fv2%2Fcomments&post=8590"}],"version-history":[{"count":1,"href":"http:\/\/archiv.szolnoktv.hu\/index.php?rest_route=\/wp\/v2\/posts\/8590\/revisions"}],"predecessor-version":[{"id":8603,"href":"http:\/\/archiv.szolnoktv.hu\/index.php?rest_route=\/wp\/v2\/posts\/8590\/revisions\/8603"}],"wp:attachment":[{"href":"http:\/\/archiv.szolnoktv.hu\/index.php?rest_route=%2Fwp%2Fv2%2Fmedia&parent=8590"}],"wp:term":[{"taxonomy":"category","embeddable":true,"href":"http:\/\/archiv.szolnoktv.hu\/index.php?rest_route=%2Fwp%2Fv2%2Fcategories&post=8590"},{"taxonomy":"post_tag","embeddable":true,"href":"http:\/\/archiv.szolnoktv.hu\/index.php?rest_route=%2Fwp%2Fv2%2Ftags&post=8590"}],"curies":[{"name":"wp","href":"https:\/\/api.w.org\/{rel}","templated":true}]}}