{"id":8587,"date":"2018-03-26T15:41:49","date_gmt":"2018-03-26T15:41:49","guid":{"rendered":"http:\/\/archiv.szolnoktv.hu\/?p=8587"},"modified":"2021-08-13T20:00:46","modified_gmt":"2021-08-13T20:00:46","slug":"felavattak-himfy-ferenc-szobrat","status":"publish","type":"post","link":"http:\/\/archiv.szolnoktv.hu\/?p=8587","title":{"rendered":"Felavatt\u00e1k Himfy Ferenc szobr\u00e1t"},"content":{"rendered":"<div class='booster-block booster-read-block'><\/div><p>Szolnok hit\u00e9lete az elm\u00falt \u00e9vtizedben sokat er\u0151s\u00f6d\u00f6tt, k\u00f6sz\u00f6nhet\u0151en a v\u00e1rosban m\u0171k\u00f6d\u0151 felekezeteknek. A hit \u00e9rt\u00e9ket teremt, \u00f6sszek\u00f6t benn\u00fcnket gener\u00e1ci\u00f3kon \u00e1t. &#8211; Ennek a k\u00fcldet\u00e9snek egyik szeretett \u00e9s k\u00f6ztiszteletben  \u00e1ll\u00f3 alakja volt Himfy Ferenc. &#8211; mondta Szalay Ferenc a szombati szoboravat\u00f3n. A szeg\u00e9nyh\u00e1z templomosak\u00e9nt is ismert atya ugyan nem Szolnokon sz\u00fcletett, de munk\u00e1ss\u00e1ga \u00f6r\u00f6k nyomott hagyott a v\u00e1ros \u00e9let\u00e9ben: harcolt a jogtalan beb\u00f6rt\u00f6nz\u00e9sek, az igazs\u00e1gtalan rendszer ellen, felkarolta a t\u00e1rsadalom perif\u00e9ri\u00e1j\u00e1ra szorult embereket  &#8211;   tette hozz\u00e1 a polg\u00e1rmester.<\/p>\n<p>-Ha valahol nem lehetett a templom k\u00f6rny\u00e9k\u00e9re sem menni, akkor itt \u00edgy volt. Ma ott tartunk, hogy ennek a v\u00e1rosnak van egyh\u00e1zi \u00f3vod\u00e1ja, \u00e1ltal\u00e1nos iskol\u00e1ja, k\u00f6z\u00e9piskol\u00e1ja, \u00e9s van egy boldogg\u00e1 avatott S\u00e1ndor Istv\u00e1nja, aki 1953-ban hasonl\u00f3 dolgokat tett mint Himfy Ferenc atya. &#8211;<\/p>\n<p>A szobor\u00e1ll\u00edt\u00e1s egy mag\u00e1nszem\u00e9ly, Vert\u00e1n Gy\u00f6rgy  adom\u00e1ny\u00e1nak k\u00f6sz\u00f6nhet\u0151, aki szem\u00e9lyes eml\u00e9keit id\u00e9zve besz\u00e9lt arr\u00f3l, mi ind\u00edtotta erre a cselekedetre. Az atya, akin\u00e9l gyermekkor\u00e1ban maga is hittant tanult p\u00e9ldak\u00e9p volt sz\u00e1m\u00e1ra, tan\u00edt\u00e1sai pedig a mai napig f\u00fcl\u00e9be csengenek.<\/p>\n<p>  -Nekem az volt a c\u00e9lom, hogy mi akik ismert\u00fck Feri b\u00e1csit, \u00e9s s\u00e9t\u00e1lunk Szolnokon, a szobrot l\u00e1tva tudjunk mes\u00e9lni azoknak, akik nem ismert\u00e9k. Illetve akik ismert\u00fck, jusson esz\u00fcnkbe, hogy mire tan\u00edtott benn\u00fcnket Feri b\u00e1csi. &#8211;<\/p>\n<p>Vert\u00e1n Gy\u00f6rgy kereste meg  Pog\u00e1ny G\u00e1bor Ben\u0151 szobr\u00e1szm\u0171v\u00e9szt, aki sz\u00edvesen v\u00e1llalta a feladatot. Himfy Ferenc szobr\u00e1t h\u00e1rom h\u00f3nap alatt k\u00e9sz\u00edtette, \u0151si viaszveszejt\u00e9ses bronz\u00f6nt\u0151 technik\u00e1val. Az eredeti elk\u00e9pzel\u00e9s szerint a d\u00edszk\u00fatk\u00e9nt is \u00fczemel\u0151 alkot\u00e1s csak Himfy aty\u00e1t jelen\u00edtette volna meg. A szobor egy\u00fcttes egy 2 m\u00e9ter 5 centis pap alakj\u00e1t, egy 150 cm-es gyermeket \u00e9s egy kehely form\u00e1j\u00fa kutat \u00e1br\u00e1zol. <\/p>\n<p>A szoborkompoz\u00edci\u00f3t M\u00e1th\u00e9 Gy\u00f6rgy r\u00f3mai katolikus esperes pl\u00e9b\u00e1nos \u00e1ldotta meg.  M\u00e1th\u00e9 Gy\u00f6rgy ezut\u00e1n \u00e1tadta a Szolnoki J\u00e9zus Sz\u00edve Egyh\u00e1zk\u00f6zs\u00e9g \u00e1ltal nemr\u00e9giben alap\u00edtott Himfy  &#8211;   d\u00edjat, melyet els\u0151k\u00e9nt a szobor \u00f6tletgazd\u00e1ja, Vert\u00e1n Gy\u00f6rgy vehetett \u00e1t<br \/>A szobrot az atya volt szolg\u00e1l\u00f3hely\u00e9n, a Szent J\u00f3zsef templom el\u0151tt \u00e1ll\u00edtott\u00e1k fel.<br \/>\n<br \/>\n<div style=\"width: 640px;\" class=\"wp-video\"><!--[if lt IE 9]><script>document.createElement('video');<\/script><![endif]-->\n<video class=\"wp-video-shortcode\" id=\"video-8587-1\" width=\"640\" height=\"360\" preload=\"metadata\" controls=\"controls\"><source type=\"video\/mp4\" src=\"\/spots\/hir\/hir_180326_02.mp4?_=1\" \/><a href=\"\/spots\/hir\/hir_180326_02.mp4\">\/spots\/hir\/hir_180326_02.mp4<\/a><\/video><\/div><\/p>\n","protected":false},"excerpt":{"rendered":"<p>Szolnok hit\u00e9lete az elm\u00falt \u00e9vtizedben sokat er\u0151s\u00f6d\u00f6tt, k\u00f6sz\u00f6nhet\u0151en a v\u00e1rosban m\u0171k\u00f6d\u0151 felekezeteknek. A hit \u00e9rt\u00e9ket teremt, \u00f6sszek\u00f6t benn\u00fcnket gener\u00e1ci\u00f3kon \u00e1t. &#8211; Ennek a k\u00fcldet\u00e9snek egyik szeretett \u00e9s k\u00f6ztiszteletben \u00e1ll\u00f3 alakja volt Himfy Ferenc. &#8211; mondta Szalay Ferenc a szombati szoboravat\u00f3n. A szeg\u00e9nyh\u00e1z templomosak\u00e9nt is ismert atya ugyan nem Szolnokon sz\u00fcletett, de munk\u00e1ss\u00e1ga \u00f6r\u00f6k nyomott hagyott [&hellip;]<\/p>\n","protected":false},"author":2,"featured_media":0,"comment_status":"closed","ping_status":"closed","sticky":false,"template":"","format":"standard","meta":[],"categories":[9],"tags":[],"_links":{"self":[{"href":"http:\/\/archiv.szolnoktv.hu\/index.php?rest_route=\/wp\/v2\/posts\/8587"}],"collection":[{"href":"http:\/\/archiv.szolnoktv.hu\/index.php?rest_route=\/wp\/v2\/posts"}],"about":[{"href":"http:\/\/archiv.szolnoktv.hu\/index.php?rest_route=\/wp\/v2\/types\/post"}],"author":[{"embeddable":true,"href":"http:\/\/archiv.szolnoktv.hu\/index.php?rest_route=\/wp\/v2\/users\/2"}],"replies":[{"embeddable":true,"href":"http:\/\/archiv.szolnoktv.hu\/index.php?rest_route=%2Fwp%2Fv2%2Fcomments&post=8587"}],"version-history":[{"count":1,"href":"http:\/\/archiv.szolnoktv.hu\/index.php?rest_route=\/wp\/v2\/posts\/8587\/revisions"}],"predecessor-version":[{"id":8606,"href":"http:\/\/archiv.szolnoktv.hu\/index.php?rest_route=\/wp\/v2\/posts\/8587\/revisions\/8606"}],"wp:attachment":[{"href":"http:\/\/archiv.szolnoktv.hu\/index.php?rest_route=%2Fwp%2Fv2%2Fmedia&parent=8587"}],"wp:term":[{"taxonomy":"category","embeddable":true,"href":"http:\/\/archiv.szolnoktv.hu\/index.php?rest_route=%2Fwp%2Fv2%2Fcategories&post=8587"},{"taxonomy":"post_tag","embeddable":true,"href":"http:\/\/archiv.szolnoktv.hu\/index.php?rest_route=%2Fwp%2Fv2%2Ftags&post=8587"}],"curies":[{"name":"wp","href":"https:\/\/api.w.org\/{rel}","templated":true}]}}