{"id":8586,"date":"2018-03-23T18:41:51","date_gmt":"2018-03-23T18:41:51","guid":{"rendered":"http:\/\/archiv.szolnoktv.hu\/?p=8586"},"modified":"2021-08-13T20:00:46","modified_gmt":"2021-08-13T20:00:46","slug":"atadtak-az-agraria-apure-egyesulet-videki-palyazatanak-dijait","status":"publish","type":"post","link":"http:\/\/archiv.szolnoktv.hu\/?p=8586","title":{"rendered":"\u00c1tadt\u00e1k az Agraria-Apure Egyes\u00fclet Vid\u00e9ki P\u00e1ly\u00e1zat\u00e1nak d\u00edjait"},"content":{"rendered":"<div class='booster-block booster-read-block'><\/div><p>A fot\u00f3 kateg\u00f3ria els\u0151 helyez\u00e9s\u00e9\u00e9rt j\u00e1r\u00f3 oklevelet \u00e9s aj\u00e1nd\u00e9kot veszi \u00e1t Mondok Anita. A Neumann J\u00e1nos Egyetem tan\u00e1ra f\u00e9nyk\u00e9pez\u0151g\u00e9p\u00e9vel azt a nyugalmat \u00e9s csendet \u00f6r\u00f6k\u00edtette meg, amit sz\u00e1m\u00e1ra az otthon \u00e9s a vid\u00e9ki \u00e9let jelent.  <\/p>\n<p>Mondok Anita \u00fagy fogalmazott: -A v\u00e1rosi ny\u00fczsg\u00e9st\u0151l, h\u00e9tk\u00f6znapi rohan\u00e1st\u00f3l, izgalmakt\u00f3l mentes kis csendes \u00f6vezetet amit, ha kinyitom otthon az ajt\u00f3t, bemegyek akkor az csak az eny\u00e9m, csak az \u00e9n vil\u00e1gom \u00e9s el tudok h\u00faz\u00f3dni. \u00c9s a kert v\u00e9ge, a kis csendes \u00f6vezet, ahova berep\u00fclnek a madarak, \u00e1ts\u00e9t\u00e1lnak a cic\u00e1k \u00e9s nekem ez a vid\u00e9k.&#8221;<\/p>\n<p>Az Agraria Apure Egyes\u00fclet \u00e9s a Europe Direct k\u00f6z\u00f6s p\u00e1ly\u00e1zat\u00e1nak az volt a c\u00e9lja, hogy felh\u00edvja a figyelmet arra, hogy \u00e9rdemes vid\u00e9ken, a v\u00e1rosok zaj\u00e1t\u00f3l \u00e9s rohan\u00e1s\u00e1t\u00f3l t\u00e1volabb, a term\u00e9szethez pedig k\u00f6zelebb \u00e9lni. Emellett a p\u00e1ly\u00e1zat a vid\u00e9ki term\u00e9szeti \u00e9rt\u00e9kekre, a nyugalomra \u00e9s az eg\u00e9szs\u00e9g fontoss\u00e1g\u00e1ra is r\u00e1ir\u00e1ny\u00edtotta a figyelmet.<\/p>\n<p>Bali Istv\u00e1n az Agraria Apure Egyes\u00fclet eln\u00f6ke kiemelte: <\/p>\n<p>-A vid\u00e9k adja az \u00e9lethez sz\u00fcks\u00e9ges dolgot, a kenyeret, a munk\u00e1t, a meg\u00e9lhet\u00e9s nagy r\u00e9sz\u00e9t. A vid\u00e9ki t\u00e1j sz\u00e9ps\u00e9ge cs\u00e1b\u00edtja a v\u00e1rosban \u00e9l\u0151ket arra, hogy pihenjenek, sz\u00f3rakozzanak a vid\u00e9ki ter\u00fcleteken.&#8221; <br \/>A szakmai zs\u0171ri a t\u00f6bbi k\u00f6z\u00f6tt fot\u00f3, prezent\u00e1ci\u00f3, film \u00e9s novella-vers kateg\u00f3ri\u00e1kban \u00e9rt\u00e9kelte a be\u00e9rkezett p\u00e1lyamunk\u00e1kat.<br \/>\n<br \/>\n<div style=\"width: 640px;\" class=\"wp-video\"><!--[if lt IE 9]><script>document.createElement('video');<\/script><![endif]-->\n<video class=\"wp-video-shortcode\" id=\"video-8586-1\" width=\"640\" height=\"360\" preload=\"metadata\" controls=\"controls\"><source type=\"video\/mp4\" src=\"\/spots\/hir\/hir_180323_07.mp4?_=1\" \/><a href=\"\/spots\/hir\/hir_180323_07.mp4\">\/spots\/hir\/hir_180323_07.mp4<\/a><\/video><\/div><\/p>\n","protected":false},"excerpt":{"rendered":"<p>A fot\u00f3 kateg\u00f3ria els\u0151 helyez\u00e9s\u00e9\u00e9rt j\u00e1r\u00f3 oklevelet \u00e9s aj\u00e1nd\u00e9kot veszi \u00e1t Mondok Anita. A Neumann J\u00e1nos Egyetem tan\u00e1ra f\u00e9nyk\u00e9pez\u0151g\u00e9p\u00e9vel azt a nyugalmat \u00e9s csendet \u00f6r\u00f6k\u00edtette meg, amit sz\u00e1m\u00e1ra az otthon \u00e9s a vid\u00e9ki \u00e9let jelent. Mondok Anita \u00fagy fogalmazott: -A v\u00e1rosi ny\u00fczsg\u00e9st\u0151l, h\u00e9tk\u00f6znapi rohan\u00e1st\u00f3l, izgalmakt\u00f3l mentes kis csendes \u00f6vezetet amit, ha kinyitom otthon az ajt\u00f3t, [&hellip;]<\/p>\n","protected":false},"author":2,"featured_media":0,"comment_status":"closed","ping_status":"closed","sticky":false,"template":"","format":"standard","meta":[],"categories":[9],"tags":[],"_links":{"self":[{"href":"http:\/\/archiv.szolnoktv.hu\/index.php?rest_route=\/wp\/v2\/posts\/8586"}],"collection":[{"href":"http:\/\/archiv.szolnoktv.hu\/index.php?rest_route=\/wp\/v2\/posts"}],"about":[{"href":"http:\/\/archiv.szolnoktv.hu\/index.php?rest_route=\/wp\/v2\/types\/post"}],"author":[{"embeddable":true,"href":"http:\/\/archiv.szolnoktv.hu\/index.php?rest_route=\/wp\/v2\/users\/2"}],"replies":[{"embeddable":true,"href":"http:\/\/archiv.szolnoktv.hu\/index.php?rest_route=%2Fwp%2Fv2%2Fcomments&post=8586"}],"version-history":[{"count":1,"href":"http:\/\/archiv.szolnoktv.hu\/index.php?rest_route=\/wp\/v2\/posts\/8586\/revisions"}],"predecessor-version":[{"id":8607,"href":"http:\/\/archiv.szolnoktv.hu\/index.php?rest_route=\/wp\/v2\/posts\/8586\/revisions\/8607"}],"wp:attachment":[{"href":"http:\/\/archiv.szolnoktv.hu\/index.php?rest_route=%2Fwp%2Fv2%2Fmedia&parent=8586"}],"wp:term":[{"taxonomy":"category","embeddable":true,"href":"http:\/\/archiv.szolnoktv.hu\/index.php?rest_route=%2Fwp%2Fv2%2Fcategories&post=8586"},{"taxonomy":"post_tag","embeddable":true,"href":"http:\/\/archiv.szolnoktv.hu\/index.php?rest_route=%2Fwp%2Fv2%2Ftags&post=8586"}],"curies":[{"name":"wp","href":"https:\/\/api.w.org\/{rel}","templated":true}]}}