{"id":8585,"date":"2018-03-23T18:39:36","date_gmt":"2018-03-23T18:39:36","guid":{"rendered":"http:\/\/archiv.szolnoktv.hu\/?p=8585"},"modified":"2021-08-13T20:00:46","modified_gmt":"2021-08-13T20:00:46","slug":"traktor-kombajn-sulyommal-toltott-csoki-es-a-legjobb-hazai-konnyuzenei-eloadok-tiszafureden","status":"publish","type":"post","link":"http:\/\/archiv.szolnoktv.hu\/?p=8585","title":{"rendered":"Traktor, komb\u00e1jn, sulyommal t\u00f6lt\u00f6tt csoki \u00e9s a legjobb hazai k\u00f6nny\u0171zenei el\u0151ad\u00f3k Tiszaf\u00fcreden"},"content":{"rendered":"<div class='booster-block booster-read-block'><\/div><p>-Nem csak csokol\u00e1d\u00e9t, hanem p\u00e1link\u00e1t is k\u00e9sz\u00edt\u00fcnk a sulyom term\u00e9s\u00e9b\u0151l.&#8221;<\/p>\n<p>Az -Egy csepp Tisza-t\u00f3&#8221; elnevez\u00e9s\u0171 bon-bont mutatja Szab\u00f3 Istv\u00e1n. A pralin\u00e9 k\u00fcl\u00f6nlegess\u00e9ge, hogy a Tisza-t\u00f3 egyik legk\u00e1rt\u00e9konyabb v\u00edzin\u00f6v\u00e9ny\u00e9b\u0151l, a sulyom term\u00e9s\u00e9b\u0151l k\u00e9sz\u00fcl. Az orsz\u00e1gban egyed\u00fcl\u00e1ll\u00f3 \u00e9dess\u00e9get az ab\u00e1dszal\u00f3ki v\u00e1llalkoz\u00f3 n\u00e9gy \u00e9v alatt fejlesztette ki, t\u00f6bb pr\u00f3b\u00e1lkoz\u00e1s ut\u00e1n alakult ki a v\u00e9gleges recept\u00fara. A sulyommal t\u00f6lt\u00f6tt csokol\u00e1d\u00e9 m\u00e1ra a fesztiv\u00e1lok egyik legkeresettebb term\u00e9k\u00e9v\u00e9 v\u00e1lt, illetve n\u00e9pszer\u0171s\u00e9ge k\u00fclf\u00f6ld\u00f6n is n\u00f6vekszik.  <\/p>\n<p>-L\u00e9trej\u00f6tt egy olyan echte eredeti Tisza-tavi term\u00e9k, amire nincs is p\u00e9lda tal\u00e1n itt a t\u00f3 k\u00f6rny\u00e9k\u00e9n. Egy itt term\u0151, egy \u00e9vezredek \u00f3ta itt \u00e9l\u0151 n\u00f6v\u00e9nyi r\u00e9sz, a term\u00e9s\u00e9nek a felhaszn\u00e1l\u00e1s\u00e1val k\u00e9sz\u00fcl.&#8221;  &#8211;   mondta Szab\u00f3 Istv\u00e1n<\/p>\n<p>Els\u0151 alkalommal rendezt\u00e9k meg a Tisza-tavi Mez\u0151gazdas\u00e1gi \u00e9s \u00c9lelmiszeripari Ki\u00e1ll\u00edt\u00e1s \u00e9s V\u00e1s\u00e1rt Tiszaf\u00fcreden, ahol a sulyomb\u00f3l k\u00e9sz\u00fclt csokol\u00e1d\u00e9k mellett a vid\u00e9k Magyarorsz\u00e1g\u00e1nak mez\u0151gazdas\u00e1ga \u00e9s \u00e9lelmiszeripara is bemutatkozott. A fesztiv\u00e1l ki\u00e1ll\u00edt\u00f3i J\u00e1sz-Nagykun-Szolnok mellett Hajd\u00fa-Bihar, Heves \u00e9s Borsod megy\u00e9b\u0151l \u00e9rkeztek, valamint az agr\u00e1riumban dolgoz\u00f3 termel\u0151k mellett 5 egyetem \u00e9s f\u0151iskola \u00f6sszesen 9 kara is bemutatkozott.<\/p>\n<p>Kov\u00e1cs S\u00e1ndor a Tisza-t\u00f3 t\u00e9rs\u00e9gi fejleszt\u00e9si tan\u00e1cs eln\u00f6ke al\u00e1h\u00fazta:  -Az l\u00e1tszik itt a megy\u00e9ben, hogy minden telep\u00fcl\u00e9sen m\u00e1r a saj\u00e1t k\u00e9sz\u00edt\u00e9s\u0171, a saj\u00e1t termel\u00e9s\u0171 toj\u00e1s, t\u00e9szta, h\u00fas, kolb\u00e1sz-k\u00e9sz\u00edtm\u00e9nyek megjelentek, megjelent m\u00e1r a h\u00e1zi s\u00f6rf\u0151z\u00e9s is. L\u00e1tszik az, hogy Magyarorsz\u00e1g bekapcsol\u00f3dik abba a v\u00e9rkering\u00e9sbe, amelyben Nyugat-Eur\u00f3p\u00e1ban m\u00e1r \u00e9vtizedek \u00f3ta benne vannak.&#8221;<\/p>\n<p>A magyar mez\u0151gazdas\u00e1g 2008-2009-re jutott a m\u00e9lypontra, az az\u00f3ta eltelt 7,5 \u00e9vben a korm\u00e1ny int\u00e9zked\u00e9seinek hat\u00e1s\u00e1ra az agr\u00e1rium \u00fajra n\u00f6veked\u00e9si p\u00e1ly\u00e1ra \u00e1llt  &#8211;   tette hozz\u00e1 Kov\u00e1cs S\u00e1ndor. A szektor er\u0151s\u00f6d\u00e9s\u00e9t mutatja, hogy 2011 \u00f3ta n\u00f6veked\u00e9s tekintet\u00e9ben rekord \u00e9vet rekord \u00e9v k\u00f6vetett, illetve az agr\u00e1rium termel\u00e9kenys\u00e9ge 2016-ban meghaladta a 2619 milli\u00e1rd forintot, valamint az \u00e1gazat brutt\u00f3 hozz\u00e1adott \u00e9rt\u00e9ke 16,8 sz\u00e1zal\u00e9kkal n\u00f6vekedett. <\/p>\n<div style=\"width: 640px;\" class=\"wp-video\"><!--[if lt IE 9]><script>document.createElement('video');<\/script><![endif]-->\n<video class=\"wp-video-shortcode\" id=\"video-8585-1\" width=\"640\" height=\"360\" preload=\"metadata\" controls=\"controls\"><source type=\"video\/mp4\" src=\"\/spots\/hir\/hir_180323_06.mp4?_=1\" \/><a href=\"\/spots\/hir\/hir_180323_06.mp4\">\/spots\/hir\/hir_180323_06.mp4<\/a><\/video><\/div>\n","protected":false},"excerpt":{"rendered":"<p>-Nem csak csokol\u00e1d\u00e9t, hanem p\u00e1link\u00e1t is k\u00e9sz\u00edt\u00fcnk a sulyom term\u00e9s\u00e9b\u0151l.&#8221; Az -Egy csepp Tisza-t\u00f3&#8221; elnevez\u00e9s\u0171 bon-bont mutatja Szab\u00f3 Istv\u00e1n. A pralin\u00e9 k\u00fcl\u00f6nlegess\u00e9ge, hogy a Tisza-t\u00f3 egyik legk\u00e1rt\u00e9konyabb v\u00edzin\u00f6v\u00e9ny\u00e9b\u0151l, a sulyom term\u00e9s\u00e9b\u0151l k\u00e9sz\u00fcl. Az orsz\u00e1gban egyed\u00fcl\u00e1ll\u00f3 \u00e9dess\u00e9get az ab\u00e1dszal\u00f3ki v\u00e1llalkoz\u00f3 n\u00e9gy \u00e9v alatt fejlesztette ki, t\u00f6bb pr\u00f3b\u00e1lkoz\u00e1s ut\u00e1n alakult ki a v\u00e9gleges recept\u00fara. A sulyommal t\u00f6lt\u00f6tt [&hellip;]<\/p>\n","protected":false},"author":2,"featured_media":0,"comment_status":"closed","ping_status":"closed","sticky":false,"template":"","format":"standard","meta":[],"categories":[9],"tags":[],"_links":{"self":[{"href":"http:\/\/archiv.szolnoktv.hu\/index.php?rest_route=\/wp\/v2\/posts\/8585"}],"collection":[{"href":"http:\/\/archiv.szolnoktv.hu\/index.php?rest_route=\/wp\/v2\/posts"}],"about":[{"href":"http:\/\/archiv.szolnoktv.hu\/index.php?rest_route=\/wp\/v2\/types\/post"}],"author":[{"embeddable":true,"href":"http:\/\/archiv.szolnoktv.hu\/index.php?rest_route=\/wp\/v2\/users\/2"}],"replies":[{"embeddable":true,"href":"http:\/\/archiv.szolnoktv.hu\/index.php?rest_route=%2Fwp%2Fv2%2Fcomments&post=8585"}],"version-history":[{"count":1,"href":"http:\/\/archiv.szolnoktv.hu\/index.php?rest_route=\/wp\/v2\/posts\/8585\/revisions"}],"predecessor-version":[{"id":8608,"href":"http:\/\/archiv.szolnoktv.hu\/index.php?rest_route=\/wp\/v2\/posts\/8585\/revisions\/8608"}],"wp:attachment":[{"href":"http:\/\/archiv.szolnoktv.hu\/index.php?rest_route=%2Fwp%2Fv2%2Fmedia&parent=8585"}],"wp:term":[{"taxonomy":"category","embeddable":true,"href":"http:\/\/archiv.szolnoktv.hu\/index.php?rest_route=%2Fwp%2Fv2%2Fcategories&post=8585"},{"taxonomy":"post_tag","embeddable":true,"href":"http:\/\/archiv.szolnoktv.hu\/index.php?rest_route=%2Fwp%2Fv2%2Ftags&post=8585"}],"curies":[{"name":"wp","href":"https:\/\/api.w.org\/{rel}","templated":true}]}}