{"id":8584,"date":"2018-03-23T16:47:32","date_gmt":"2018-03-23T16:47:32","guid":{"rendered":"http:\/\/archiv.szolnoktv.hu\/?p=8584"},"modified":"2021-08-13T20:00:46","modified_gmt":"2021-08-13T20:00:46","slug":"belvizhelyzet","status":"publish","type":"post","link":"http:\/\/archiv.szolnoktv.hu\/?p=8584","title":{"rendered":"Belv\u00edzhelyzet"},"content":{"rendered":"<div class='booster-block booster-read-block'><\/div><p>A K\u00d6TIVIZIG jelenleg I. fok\u00fa k\u00e9sz\u00fclts\u00e9get tart fenn a kisk\u00f6rei belv\u00edzv\u00e9delmi szakaszokon, II. fok\u00fat a tiszak\u00e9cskei, a j\u00e1szkis\u00e9ri, a kunhegyesi, a cegl\u00e9di, a j\u00e1szber\u00e9nyi, a cibakh\u00e1zi, a mez\u0151t\u00fari, a karcagi \u00e9s a kis\u00fajsz\u00e1ll\u00e1si szakaszokon. A m\u00e1rcius 23-i \u00e1llapot szerint az igazgat\u00f3s\u00e1g m\u0171k\u00f6d\u00e9si ter\u00fclet\u00e9n az el\u00f6nt\u00e9s nagys\u00e1ga 14 900 hekt\u00e1r, ebb\u0151l 5360 hekt\u00e1r vet\u00e9s, 3120 hekt\u00e1r sz\u00e1nt\u00f3, 4385 hekt\u00e1r r\u00e9t-legel\u0151. A v\u00edzbor\u00edt\u00e1s J\u00e1sz-Nagykun-Szolnok megy\u00e9ben 10950 hekt\u00e1rt tesz ki. A csatorn\u00e1k befogad\u00f3k\u00e9pess\u00e9ge nagyban f\u00fcgg a Tisza v\u00edzszintj\u00e9t\u0151l.<\/p>\n<p>Az elm\u00falt 24 \u00f3r\u00e1ban 49 szivatty\u00fatelep \u00e9s 13 mobil g\u00e9pegys\u00e9g \u00fczemelt, amelyek egy\u00fcttesen megk\u00f6zel\u00edt\u0151en 3,4 milli\u00f3 k\u00f6bm\u00e9ter vizet emeltek \u00e1t a befogad\u00f3kba.<br \/>\n<br \/>\n<div style=\"width: 640px;\" class=\"wp-video\"><!--[if lt IE 9]><script>document.createElement('video');<\/script><![endif]-->\n<video class=\"wp-video-shortcode\" id=\"video-8584-1\" width=\"640\" height=\"360\" preload=\"metadata\" controls=\"controls\"><source type=\"video\/mp4\" src=\"\/spots\/hir\/hir_180323_05.mp4?_=1\" \/><a href=\"\/spots\/hir\/hir_180323_05.mp4\">\/spots\/hir\/hir_180323_05.mp4<\/a><\/video><\/div><\/p>\n","protected":false},"excerpt":{"rendered":"<p>A K\u00d6TIVIZIG jelenleg I. fok\u00fa k\u00e9sz\u00fclts\u00e9get tart fenn a kisk\u00f6rei belv\u00edzv\u00e9delmi szakaszokon, II. fok\u00fat a tiszak\u00e9cskei, a j\u00e1szkis\u00e9ri, a kunhegyesi, a cegl\u00e9di, a j\u00e1szber\u00e9nyi, a cibakh\u00e1zi, a mez\u0151t\u00fari, a karcagi \u00e9s a kis\u00fajsz\u00e1ll\u00e1si szakaszokon. A m\u00e1rcius 23-i \u00e1llapot szerint az igazgat\u00f3s\u00e1g m\u0171k\u00f6d\u00e9si ter\u00fclet\u00e9n az el\u00f6nt\u00e9s nagys\u00e1ga 14 900 hekt\u00e1r, ebb\u0151l 5360 hekt\u00e1r vet\u00e9s, 3120 hekt\u00e1r [&hellip;]<\/p>\n","protected":false},"author":2,"featured_media":0,"comment_status":"closed","ping_status":"closed","sticky":false,"template":"","format":"standard","meta":[],"categories":[9],"tags":[],"_links":{"self":[{"href":"http:\/\/archiv.szolnoktv.hu\/index.php?rest_route=\/wp\/v2\/posts\/8584"}],"collection":[{"href":"http:\/\/archiv.szolnoktv.hu\/index.php?rest_route=\/wp\/v2\/posts"}],"about":[{"href":"http:\/\/archiv.szolnoktv.hu\/index.php?rest_route=\/wp\/v2\/types\/post"}],"author":[{"embeddable":true,"href":"http:\/\/archiv.szolnoktv.hu\/index.php?rest_route=\/wp\/v2\/users\/2"}],"replies":[{"embeddable":true,"href":"http:\/\/archiv.szolnoktv.hu\/index.php?rest_route=%2Fwp%2Fv2%2Fcomments&post=8584"}],"version-history":[{"count":1,"href":"http:\/\/archiv.szolnoktv.hu\/index.php?rest_route=\/wp\/v2\/posts\/8584\/revisions"}],"predecessor-version":[{"id":8609,"href":"http:\/\/archiv.szolnoktv.hu\/index.php?rest_route=\/wp\/v2\/posts\/8584\/revisions\/8609"}],"wp:attachment":[{"href":"http:\/\/archiv.szolnoktv.hu\/index.php?rest_route=%2Fwp%2Fv2%2Fmedia&parent=8584"}],"wp:term":[{"taxonomy":"category","embeddable":true,"href":"http:\/\/archiv.szolnoktv.hu\/index.php?rest_route=%2Fwp%2Fv2%2Fcategories&post=8584"},{"taxonomy":"post_tag","embeddable":true,"href":"http:\/\/archiv.szolnoktv.hu\/index.php?rest_route=%2Fwp%2Fv2%2Ftags&post=8584"}],"curies":[{"name":"wp","href":"https:\/\/api.w.org\/{rel}","templated":true}]}}