{"id":8582,"date":"2018-03-23T16:25:56","date_gmt":"2018-03-23T16:25:56","guid":{"rendered":"http:\/\/archiv.szolnoktv.hu\/?p=8582"},"modified":"2021-08-13T20:00:47","modified_gmt":"2021-08-13T20:00:47","slug":"eneklo-ifjusag","status":"publish","type":"post","link":"http:\/\/archiv.szolnoktv.hu\/?p=8582","title":{"rendered":"\u00c9nekl\u0151 Ifj\u00fas\u00e1g"},"content":{"rendered":"<div class='booster-block booster-read-block'><\/div><p>A Tiszaparti Iskola gyermekk\u00f3rusa nyitotta meg az \u00c9nekl\u0151 Ifj\u00fas\u00e1g p\u00e9nteki hangverseny\u00e9t. A K\u00d3TA Ifj\u00fas\u00e1gi \u00c9nekkari \u00e9s Zenepedag\u00f3giai Szakbizotts\u00e1ga 1934 \u00f3ta szervezi ezt a rendezv\u00e9ny\u00e9t. A kezdem\u00e9nyez\u00e9s az \u00e9vek sor\u00e1n mozgalomm\u00e1 tereb\u00e9lyesedett. C\u00e9lja a k\u00f6z\u00f6s \u00e9nekl\u00e9s \u00e9lm\u00e9ny\u00e9nek megszerettet\u00e9se \u00e9s sz\u00e9les k\u00f6rben val\u00f3 terjeszt\u00e9se.<\/p>\n<p>&#8211; Szent J\u00f3zsef \u00fcnneppel van most egybek\u00f6tve az \u00c9nekl\u0151 Ifj\u00fas\u00e1g, nagyon sok k\u00f3rus j\u00f6tt most ez\u00e9rt el ide: G\u00f6d\u00f6ll\u0151t\u0151l Kunhegyesig, Kunszentm\u00e1rtonig, Kunszentmikl\u00f3sig, Szolnokr\u00f3l is t\u00f6bb k\u00f3rus, sz\u00e1m szerint 12 egy\u00fcttes, m\u00e1r sz\u00f3l is az \u00e9nek a h\u00e1tunk m\u00f6g\u00f6tt.&#8221; -nyilatkozta Dr. Lengyel Erzs\u00e9bet, a J\u00e1sz-Nagykun Szolnok megyei K\u00d3TA eln\u00f6ke.<\/p>\n<p>Az \u00c9nekl\u0151 Ifj\u00fas\u00e1g mozgalom 1920-as \u00e9vek v\u00e9g\u00e9n Kod\u00e1ly Zolt\u00e1n k\u00f6r\u00e9 t\u00f6m\u00f6r\u00fclt \u00e9nekpedag\u00f3gusok \u00f6tlet\u00e9b\u0151l fakad\u00f3an indult. Megalap\u00edt\u00e1sa, Kod\u00e1ly tan\u00edtv\u00e1ny\u00e1hoz, B\u00e1rdos Lajos zeneszerz\u0151, zenepedag\u00f3gus, karnagyhoz k\u00f6thet\u0151.<\/p>\n<p>Az \u00e9nekkarok minden tavasszal mutathatj\u00e1k be produkci\u00f3ikat egy-egy region\u00e1lis rendezv\u00e9nyen. A mai verseny zs\u0171ritagjai: Vajna Katalin karnagy, B\u00e1lint Erika \u00e9nekm\u0171v\u00e9sz \u00e9s Dr. Lengyel Erzs\u00e9bet karnagy, a K\u00d3TA megyei eln\u00f6ke. <\/p>\n<p>-Orsz\u00e1gos lista alapj\u00e1n t\u00f6rt\u00e9nik a min\u0151s\u00edt\u00e9s. Csak olyan zs\u0171ritagok \u00fclhetnek le zs\u0171rizni orsz\u00e1gszerte a k\u00f3rusokat, akik benne vannak a K\u00f3ta orsz\u00e1gos list\u00e1j\u00e1ba, teh\u00e1t ez egy orsz\u00e1gos eredm\u00e9ny.&#8221;<\/p>\n<p>A min\u0151s\u00edt\u00e9s szempontjai : a st\u00edlusos zene hangz\u00e1s, a k\u00fcl\u00f6nb\u00f6z\u0151 korokat fel\u00f6lel\u0151 dalokb\u00f3l \u00f6ssze\u00e1ll\u00edtott m\u0171sorszerkeszt\u00e9s \u00e9s szerz\u0151k tekintet\u00e9ben karakterbeli v\u00e1ltozatoss\u00e1g. A k\u00f3rusok arany, ez\u00fcst vagy bronz oklevelet szerezhetnek. Azok az egy\u00fcttesek pedig, amelyek nem k\u00e9rnek min\u0151s\u00edt\u00e9st -Eredm\u00e9nyesen szerepelt&#8221; oklevelet kapnak.<br \/>\n<br \/>\n<div style=\"width: 640px;\" class=\"wp-video\"><!--[if lt IE 9]><script>document.createElement('video');<\/script><![endif]-->\n<video class=\"wp-video-shortcode\" id=\"video-8582-1\" width=\"640\" height=\"360\" preload=\"metadata\" controls=\"controls\"><source type=\"video\/mp4\" src=\"\/spots\/hir\/hir_180323_02.mp4?_=1\" \/><a href=\"\/spots\/hir\/hir_180323_02.mp4\">\/spots\/hir\/hir_180323_02.mp4<\/a><\/video><\/div><\/p>\n","protected":false},"excerpt":{"rendered":"<p>A Tiszaparti Iskola gyermekk\u00f3rusa nyitotta meg az \u00c9nekl\u0151 Ifj\u00fas\u00e1g p\u00e9nteki hangverseny\u00e9t. A K\u00d3TA Ifj\u00fas\u00e1gi \u00c9nekkari \u00e9s Zenepedag\u00f3giai Szakbizotts\u00e1ga 1934 \u00f3ta szervezi ezt a rendezv\u00e9ny\u00e9t. A kezdem\u00e9nyez\u00e9s az \u00e9vek sor\u00e1n mozgalomm\u00e1 tereb\u00e9lyesedett. C\u00e9lja a k\u00f6z\u00f6s \u00e9nekl\u00e9s \u00e9lm\u00e9ny\u00e9nek megszerettet\u00e9se \u00e9s sz\u00e9les k\u00f6rben val\u00f3 terjeszt\u00e9se. &#8211; Szent J\u00f3zsef \u00fcnneppel van most egybek\u00f6tve az \u00c9nekl\u0151 Ifj\u00fas\u00e1g, nagyon sok k\u00f3rus [&hellip;]<\/p>\n","protected":false},"author":2,"featured_media":0,"comment_status":"closed","ping_status":"closed","sticky":false,"template":"","format":"standard","meta":[],"categories":[9],"tags":[],"_links":{"self":[{"href":"http:\/\/archiv.szolnoktv.hu\/index.php?rest_route=\/wp\/v2\/posts\/8582"}],"collection":[{"href":"http:\/\/archiv.szolnoktv.hu\/index.php?rest_route=\/wp\/v2\/posts"}],"about":[{"href":"http:\/\/archiv.szolnoktv.hu\/index.php?rest_route=\/wp\/v2\/types\/post"}],"author":[{"embeddable":true,"href":"http:\/\/archiv.szolnoktv.hu\/index.php?rest_route=\/wp\/v2\/users\/2"}],"replies":[{"embeddable":true,"href":"http:\/\/archiv.szolnoktv.hu\/index.php?rest_route=%2Fwp%2Fv2%2Fcomments&post=8582"}],"version-history":[{"count":1,"href":"http:\/\/archiv.szolnoktv.hu\/index.php?rest_route=\/wp\/v2\/posts\/8582\/revisions"}],"predecessor-version":[{"id":8611,"href":"http:\/\/archiv.szolnoktv.hu\/index.php?rest_route=\/wp\/v2\/posts\/8582\/revisions\/8611"}],"wp:attachment":[{"href":"http:\/\/archiv.szolnoktv.hu\/index.php?rest_route=%2Fwp%2Fv2%2Fmedia&parent=8582"}],"wp:term":[{"taxonomy":"category","embeddable":true,"href":"http:\/\/archiv.szolnoktv.hu\/index.php?rest_route=%2Fwp%2Fv2%2Fcategories&post=8582"},{"taxonomy":"post_tag","embeddable":true,"href":"http:\/\/archiv.szolnoktv.hu\/index.php?rest_route=%2Fwp%2Fv2%2Ftags&post=8582"}],"curies":[{"name":"wp","href":"https:\/\/api.w.org\/{rel}","templated":true}]}}