{"id":8581,"date":"2018-03-23T16:23:21","date_gmt":"2018-03-23T16:23:21","guid":{"rendered":"http:\/\/archiv.szolnoktv.hu\/?p=8581"},"modified":"2021-08-13T20:00:47","modified_gmt":"2021-08-13T20:00:47","slug":"viz-vilagnapi-kepzomuveszeti-palyazat-dijatado","status":"publish","type":"post","link":"http:\/\/archiv.szolnoktv.hu\/?p=8581","title":{"rendered":"V\u00edz Vil\u00e1gnapi k\u00e9pz\u0151m\u0171v\u00e9szeti p\u00e1ly\u00e1zat d\u00edj\u00e1tad\u00f3"},"content":{"rendered":"<div class='booster-block booster-read-block'><\/div><p>Sz\u00ednes ceruz\u00e1val, v\u00edzfest\u00e9kkel \u00e9s vegyes technik\u00e1val k\u00e9sz\u00edtett p\u00e1lyamunk\u00e1k is \u00e9rkeztek a a Magyar Hidrol\u00f3giai T\u00e1rsas\u00e1g szolnoki szervezet\u00e9nek k\u00e9pz\u0151m\u0171v\u00e9szeti p\u00e1ly\u00e1zat\u00e1ra. A V\u00edz Vil\u00e1gnapj\u00e1hoz kapcsol\u00f3d\u00f3 versenyre id\u00e9n majdnem 400 alkot\u00e1s \u00e9rkezett.  A nevez\u0151k k\u00f6z\u00f6tt volt, aki 3D-s  munk\u00e1j\u00e1val ker\u00fclt a d\u00edjazottak t\u00e1bor\u00e1ba. <\/p>\n<p>-Van egy r\u00e9sz, ahol tiszt\u00edtj\u00e1k \u00e9s gondozz\u00e1k \u00e9s van egy m\u00e1sik fele, ahol viszont nem tiszt\u00edtj\u00e1k, hanem \u00e9ppen kih\u00fazz\u00e1k h\u00e1l\u00f3val a szemetet bel\u0151le.&#8221;- mondta F\u00e1bi\u00e1n Luca.<\/p>\n<p>A gyerekek egy\u00e9nileg \u00e9s csoportos munk\u00e1kkal nevezhettek. A Kolozsv\u00e1ri \u00dati \u00d3voda k\u00f6z\u00e9ps\u0151 csoportosai saj\u00e1t k\u00e9sz\u00edt\u00e9s\u0171 akv\u00e1riummal p\u00e1ly\u00e1ztak.<\/p>\n<p>-K\u00f6veket raktunk bele, f\u00fcvet raktunk bele, Tisza vizet \u00e9s r\u00e1rajzoltuk a jel\u00fcnket \u00e9s ezt \u00fcvegbe tett\u00fck.&#8221;-mes\u00e9lte Moln\u00e1r R\u00f3za Mira<\/p>\n<p>A k\u00f6rnyezetv\u00e9delem fontoss\u00e1g\u00e1ra m\u00e1r \u00f3vod\u00e1s korban fontos felh\u00edvni a figyelmet. <\/p>\n<p>-Minden programunkban, minden egyes mozzanatunkban az \u00f3vod\u00e1n bel\u00fcl mi nagyon t\u00f6reksz\u00fcnk, arra, hogy ezt kiemelj\u00fck: a szelekt\u00edv hullad\u00e9kgy\u0171jt\u00e9st\u0151l a s\u00e9t\u00e1kon \u00e1t. Projektjeinkbe be\u00e9p\u00edtj\u00fck azokat a dolgokat, amik ilyenkor fontosak. Mert \u0151k a legfog\u00e9konyabbak m\u00e9g erre.&#8221;- mondta Kurdin\u00e9 Kelemen M\u00e1rta a Kolozsv\u00e1ri \u00dati \u00d3voda \u00f3v\u00f3n\u0151je. <\/p>\n<p>A V\u00edz Vil\u00e1gnapja 1993-ban az ENSZ kezdem\u00e9nyez\u00e9s\u00e9re j\u00f6tt l\u00e9tre. A jeles nap minden \u00e9vben m\u00e1s n\u00e9z\u0151pontb\u00f3l k\u00f6zel\u00edti meg a glob\u00e1lis probl\u00e9m\u00e1t. A k\u00e9pz\u0151m\u0171v\u00e9szeti p\u00e1ly\u00e1zattal a hidrol\u00f3giai t\u00e1rsas\u00e1g szolnoki szervezete a gyerekek v\u00edz ir\u00e1nti elk\u00f6telez\u0151d\u00e9s\u00e9t t\u00e1mogatja.<\/p>\n<p>-Nagyon sz\u00e9p munk\u00e1k \u00e9rkeznek. A l\u00e9nyeg az, hogy felh\u00edvjuk a figyelmet \u00e9s a gyerekekben tudatosodjon a v\u00edz elk\u00f6telezetts\u00e9g, hogy \u00f3vnunk kell a vizet. Magyarorsz\u00e1gon mi nagyon j\u00f3 helyzetben vagyunk. Nagyon sok \u00e9des viz\u00fcnk van, de a vil\u00e1gon ez nem minden\u00fctt van \u00edgy. Ez\u00e9rt is csatlakoztunk az ENSZ felh\u00edv\u00e1s\u00e1hoz \u00e9s az\u00f3ta is folyamatosan meghirdetj\u00fck ezt a p\u00e1ly\u00e1zatot.&#8221;- mondta a Magyar Hidrol\u00f3giai T\u00e1rsas\u00e1g szolnoki titk\u00e1ra.<\/p>\n<p>Az alkot\u00e1sokat m\u00e1rcius v\u00e9g\u00e9ig tekinthetik meg az \u00e9rdekl\u0151d\u0151k az Aba-Nov\u00e1k Ag\u00f3ra Kultur\u00e1lis K\u00f6zpontban.<br \/>\n<br \/>\n<div style=\"width: 640px;\" class=\"wp-video\"><!--[if lt IE 9]><script>document.createElement('video');<\/script><![endif]-->\n<video class=\"wp-video-shortcode\" id=\"video-8581-1\" width=\"640\" height=\"360\" preload=\"metadata\" controls=\"controls\"><source type=\"video\/mp4\" src=\"\/spots\/hir\/hir_180323_03.mp4?_=1\" \/><a href=\"\/spots\/hir\/hir_180323_03.mp4\">\/spots\/hir\/hir_180323_03.mp4<\/a><\/video><\/div><\/p>\n","protected":false},"excerpt":{"rendered":"<p>Sz\u00ednes ceruz\u00e1val, v\u00edzfest\u00e9kkel \u00e9s vegyes technik\u00e1val k\u00e9sz\u00edtett p\u00e1lyamunk\u00e1k is \u00e9rkeztek a a Magyar Hidrol\u00f3giai T\u00e1rsas\u00e1g szolnoki szervezet\u00e9nek k\u00e9pz\u0151m\u0171v\u00e9szeti p\u00e1ly\u00e1zat\u00e1ra. A V\u00edz Vil\u00e1gnapj\u00e1hoz kapcsol\u00f3d\u00f3 versenyre id\u00e9n majdnem 400 alkot\u00e1s \u00e9rkezett. A nevez\u0151k k\u00f6z\u00f6tt volt, aki 3D-s munk\u00e1j\u00e1val ker\u00fclt a d\u00edjazottak t\u00e1bor\u00e1ba. -Van egy r\u00e9sz, ahol tiszt\u00edtj\u00e1k \u00e9s gondozz\u00e1k \u00e9s van egy m\u00e1sik fele, ahol viszont nem [&hellip;]<\/p>\n","protected":false},"author":2,"featured_media":0,"comment_status":"closed","ping_status":"closed","sticky":false,"template":"","format":"standard","meta":[],"categories":[9],"tags":[],"_links":{"self":[{"href":"http:\/\/archiv.szolnoktv.hu\/index.php?rest_route=\/wp\/v2\/posts\/8581"}],"collection":[{"href":"http:\/\/archiv.szolnoktv.hu\/index.php?rest_route=\/wp\/v2\/posts"}],"about":[{"href":"http:\/\/archiv.szolnoktv.hu\/index.php?rest_route=\/wp\/v2\/types\/post"}],"author":[{"embeddable":true,"href":"http:\/\/archiv.szolnoktv.hu\/index.php?rest_route=\/wp\/v2\/users\/2"}],"replies":[{"embeddable":true,"href":"http:\/\/archiv.szolnoktv.hu\/index.php?rest_route=%2Fwp%2Fv2%2Fcomments&post=8581"}],"version-history":[{"count":1,"href":"http:\/\/archiv.szolnoktv.hu\/index.php?rest_route=\/wp\/v2\/posts\/8581\/revisions"}],"predecessor-version":[{"id":8612,"href":"http:\/\/archiv.szolnoktv.hu\/index.php?rest_route=\/wp\/v2\/posts\/8581\/revisions\/8612"}],"wp:attachment":[{"href":"http:\/\/archiv.szolnoktv.hu\/index.php?rest_route=%2Fwp%2Fv2%2Fmedia&parent=8581"}],"wp:term":[{"taxonomy":"category","embeddable":true,"href":"http:\/\/archiv.szolnoktv.hu\/index.php?rest_route=%2Fwp%2Fv2%2Fcategories&post=8581"},{"taxonomy":"post_tag","embeddable":true,"href":"http:\/\/archiv.szolnoktv.hu\/index.php?rest_route=%2Fwp%2Fv2%2Ftags&post=8581"}],"curies":[{"name":"wp","href":"https:\/\/api.w.org\/{rel}","templated":true}]}}