{"id":8580,"date":"2018-03-23T16:16:22","date_gmt":"2018-03-23T16:16:22","guid":{"rendered":"http:\/\/archiv.szolnoktv.hu\/?p=8580"},"modified":"2021-08-13T20:00:47","modified_gmt":"2021-08-13T20:00:47","slug":"digitalis-kornyezetfejlesztes-a-szechenyi-gimiben","status":"publish","type":"post","link":"http:\/\/archiv.szolnoktv.hu\/?p=8580","title":{"rendered":"Digit\u00e1lis k\u00f6rnyezetfejleszt\u00e9s a Sz\u00e9chenyi gimiben"},"content":{"rendered":"<div class='booster-block booster-read-block'><\/div><p>A digit\u00e1lis  m\u00f3dszertani meg\u00fajul\u00e1s a c\u00e9lja a Szolnoki Tanker\u00fclet p\u00e1ly\u00e1zat\u00e1nak. A n\u00e9gy \u00e9ven tart\u00f3, mintegy negyven pedag\u00f3gus bevon\u00e1s\u00e1val megval\u00f3sul\u00f3 projektben n\u00e9gy int\u00e9zm\u00e9ny: a Sz\u00e9chenyi Istv\u00e1n Gimn\u00e1zium, a Sz\u00e9chenyi k\u00f6r\u00fati \u00e9s a Szandasz\u0151l\u0151si \u00c1ltal\u00e1nos Iskola, valamint a tiszaf\u00f6ldv\u00e1ri Kossuth Lajos \u00c1ltal\u00e1nos Iskola vesz r\u00e9szt. <\/p>\n<p>-A tan\u00e1rok \u00faj fajta m\u00f3dszertanokkal \u00e9s k\u00e9pz\u00e9si form\u00e1kkal tal\u00e1lkozhatnak. A gyerekeket pedig a digit\u00e1lis kompetenci\u00e1k seg\u00edts\u00e9g\u00e9vel pr\u00f3b\u00e1lj\u00e1k t\u00e1mogatni. Ehhez eszk\u00f6zparkot tudunk v\u00e1s\u00e1rolni, a n\u00e9gy int\u00e9zm\u00e9nynek mintegy 44 milli\u00f3 forint \u00e9rt\u00e9kben. &#8211; &#8211; mondta De\u00e1k L\u00e1szl\u00f3,  igazgat\u00f3. <\/p>\n<p>Az \u00faj, \u00fagynevezett -Z&#8221; gener\u00e1ci\u00f3 a hagyom\u00e1nyos m\u00f3dszerekkel m\u00e1r csak nehezen oktathat\u00f3  &#8211;   hangzott  el a nyit\u00f3rendezv\u00e9nyen. Digit\u00e1lis eszk\u00f6z\u00f6kkel \u00e9s m\u00f3dszertannal k\u00f6nnyebb motiv\u00e1lni a tanul\u00f3kat.<\/p>\n<p>-A szolnoki Sz\u00e9chenyi Istv\u00e1n Gimn\u00e1zium a term\u00e9szettudom\u00e1nyos tant\u00e1rgyakat v\u00e1lasztotta. A fizika \u00e9s matematika tant\u00e1rgyaknak a GEOMATECH programmal t\u00f6rt\u00e9n\u0151 meger\u0151s\u00edt\u00e9s\u00e9t t\u0171zt\u00fck ki c\u00e9lul. &#8212; tette hozz\u00e1  Majn\u00e1rn\u00e9 Varga T\u00fcnde, projektmenedzser<\/p>\n<p>A tiszaf\u00f6ldv\u00e1ri int\u00e9zm\u00e9ny a sz\u00f6veg\u00e9rt\u00e9st seg\u00edt\u0151 digit\u00e1lis programot v\u00e1lasztott. A Sz\u00e9chenyi k\u00f6r\u00fati \u00e9s a szandasz\u0151l\u0151si iskola pedig egy j\u00e1t\u00e9kos foglalkoztat\u00f3 program seg\u00edts\u00e9g\u00e9vel fejleszti majd a digit\u00e1lis kompetenci\u00e1kat. <\/p>\n<div style=\"width: 640px;\" class=\"wp-video\"><!--[if lt IE 9]><script>document.createElement('video');<\/script><![endif]-->\n<video class=\"wp-video-shortcode\" id=\"video-8580-1\" width=\"640\" height=\"360\" preload=\"metadata\" controls=\"controls\"><source type=\"video\/mp4\" src=\"\/spots\/hir\/hir_180323_01.mp4?_=1\" \/><a href=\"\/spots\/hir\/hir_180323_01.mp4\">\/spots\/hir\/hir_180323_01.mp4<\/a><\/video><\/div>\n","protected":false},"excerpt":{"rendered":"<p>A digit\u00e1lis m\u00f3dszertani meg\u00fajul\u00e1s a c\u00e9lja a Szolnoki Tanker\u00fclet p\u00e1ly\u00e1zat\u00e1nak. A n\u00e9gy \u00e9ven tart\u00f3, mintegy negyven pedag\u00f3gus bevon\u00e1s\u00e1val megval\u00f3sul\u00f3 projektben n\u00e9gy int\u00e9zm\u00e9ny: a Sz\u00e9chenyi Istv\u00e1n Gimn\u00e1zium, a Sz\u00e9chenyi k\u00f6r\u00fati \u00e9s a Szandasz\u0151l\u0151si \u00c1ltal\u00e1nos Iskola, valamint a tiszaf\u00f6ldv\u00e1ri Kossuth Lajos \u00c1ltal\u00e1nos Iskola vesz r\u00e9szt. -A tan\u00e1rok \u00faj fajta m\u00f3dszertanokkal \u00e9s k\u00e9pz\u00e9si form\u00e1kkal tal\u00e1lkozhatnak. A gyerekeket pedig [&hellip;]<\/p>\n","protected":false},"author":2,"featured_media":0,"comment_status":"closed","ping_status":"closed","sticky":false,"template":"","format":"standard","meta":[],"categories":[9],"tags":[],"_links":{"self":[{"href":"http:\/\/archiv.szolnoktv.hu\/index.php?rest_route=\/wp\/v2\/posts\/8580"}],"collection":[{"href":"http:\/\/archiv.szolnoktv.hu\/index.php?rest_route=\/wp\/v2\/posts"}],"about":[{"href":"http:\/\/archiv.szolnoktv.hu\/index.php?rest_route=\/wp\/v2\/types\/post"}],"author":[{"embeddable":true,"href":"http:\/\/archiv.szolnoktv.hu\/index.php?rest_route=\/wp\/v2\/users\/2"}],"replies":[{"embeddable":true,"href":"http:\/\/archiv.szolnoktv.hu\/index.php?rest_route=%2Fwp%2Fv2%2Fcomments&post=8580"}],"version-history":[{"count":1,"href":"http:\/\/archiv.szolnoktv.hu\/index.php?rest_route=\/wp\/v2\/posts\/8580\/revisions"}],"predecessor-version":[{"id":8613,"href":"http:\/\/archiv.szolnoktv.hu\/index.php?rest_route=\/wp\/v2\/posts\/8580\/revisions\/8613"}],"wp:attachment":[{"href":"http:\/\/archiv.szolnoktv.hu\/index.php?rest_route=%2Fwp%2Fv2%2Fmedia&parent=8580"}],"wp:term":[{"taxonomy":"category","embeddable":true,"href":"http:\/\/archiv.szolnoktv.hu\/index.php?rest_route=%2Fwp%2Fv2%2Fcategories&post=8580"},{"taxonomy":"post_tag","embeddable":true,"href":"http:\/\/archiv.szolnoktv.hu\/index.php?rest_route=%2Fwp%2Fv2%2Ftags&post=8580"}],"curies":[{"name":"wp","href":"https:\/\/api.w.org\/{rel}","templated":true}]}}