{"id":8579,"date":"2018-03-22T17:56:30","date_gmt":"2018-03-22T17:56:30","guid":{"rendered":"http:\/\/archiv.szolnoktv.hu\/?p=8579"},"modified":"2021-08-13T20:00:47","modified_gmt":"2021-08-13T20:00:47","slug":"hulladekbol-nott-alkotasok-a-galeriaban","status":"publish","type":"post","link":"http:\/\/archiv.szolnoktv.hu\/?p=8579","title":{"rendered":"Hullad\u00e9kb\u00f3l n\u0151tt alkot\u00e1sok a Gal\u00e9ri\u00e1ban"},"content":{"rendered":"<div class='booster-block booster-read-block'><\/div><p>Nagymam\u00e1ink kor\u00e1ban nem j\u00e1rt a szemeteskocsi- hangzott el a  Damjanich J\u00e1nos M\u00fazeum leg\u00fajabb ki\u00e1ll\u00edt\u00e1s\u00e1nak megnyit\u00f3j\u00e1n a Gal\u00e9ri\u00e1ban. A paraszti kult\u00far\u00e1ban ugyanis minden hullad\u00e9kot felhaszn\u00e1ltak. Az \u00fajrahasznos\u00edt\u00e1s a paraszti lelem\u00e9nyess\u00e9g \u00e9s \u00f6tletgazdags\u00e1g eredm\u00e9nye. <\/p>\n<p>Benedek Csaba n\u00e9prajzkutat\u00f3-muzeol\u00f3gus elmondta: <\/p>\n<p>-&#8220;Ez a t\u00e1rlat  els\u0151sorban a paraszti kult\u00far\u00e1t\u00f3l a mai t\u00e1rsadalomig mutatja be  azokat az elj\u00e1r\u00e1sokat , k\u00fcl\u00f6nb\u00f6z\u0151 praktik\u00e1kat, amivel el\u0151deink \u00e9s a ma embere is \u00fajrahasznos\u00edt bizonyos  eszk\u00f6z\u00f6ket. &#8211;<\/p>\n<p>N\u00e9pi kult\u00far\u00e1nkban mindent v\u00e9gs\u0151 megsemmis\u00fcl\u00e9sig haszn\u00e1ltak- tette hozz\u00e1 a muzeol\u00f3gus. \u00dajabb funkci\u00f3kat tal\u00e1ltak a legt\u00f6bb hullad\u00e9knak. <\/p>\n<p>Benedek Csaba n\u00e9prajzkutat\u00f3-muzeol\u00f3gus:<\/p>\n<p>-&#8220;P\u00e9ld\u00e1ul kaszapeng\u00e9b\u0151l csin\u00e1lni rozsol\u00f3kasz\u00e1t, kaszak\u00e9st, sz\u0151l\u0151tetejez\u0151t, meg sz\u00e1mos haszn\u00e1lati eszk\u00f6zt. Ez l\u00e1that\u00f3 is a ki\u00e1ll\u00edt\u00e1sban. &#8211;<\/p>\n<p>K\u00e9sz\u00edtettek hidegf\u00fcst\u00f6l\u0151t h\u0171t\u0151szekr\u00e9nyb\u0151l, kerti s\u00fct\u00f6get\u0151t felnib\u0151l \u00e9s mos\u00f3g\u00e9pdobb\u00f3l. A kortyolnival\u00f3 \u00e9s betegs\u00e9g\u0171z\u0151 ebben a zs\u00edrosb\u00f6d\u00f6nb\u0151l alkotott p\u00e1linkaf\u0151z\u0151ben k\u00e9sz\u00fclt, ezt a paprika\u00f6rl\u0151t pedig porsz\u00edv\u00f3motor hajtotta. M\u00e9g a hitv\u00e1ny eszk\u00f6z\u00f6knek is haszn\u00e1t vett\u00e9k. \u00dajrafelhaszn\u00e1l\u00e1ssal k\u00e9sz\u00fclt  a n\u00e1dv\u00e1g\u00f3, a h\u00f6rcs\u00f6gfog\u00f3 \u00e9s a vakondriaszt\u00f3 is. M\u00e1r a  v\u00e1rosi kult\u00far\u00e1ra utal a parafadug\u00f3b\u00f3l k\u00e9sz\u00edtett l\u00e1bt\u00f6rl\u0151  vagy ez a raklapfotel. A j\u00fanius 24-ig l\u00e1that\u00f3 ki\u00e1ll\u00edt\u00e1s emeleti gal\u00e9ri\u00e1j\u00e1n azok a  m\u0171v\u00e9szeti alkot\u00e1sok kaptak helyet,  melyek szint\u00e9n hullad\u00e9k anyagokb\u00f3l k\u00e9sz\u00fcltek. 5A  Nagy Krist\u00f3f \u00e1ltal megform\u00e1lt  szobrok: a  mangalica, az \u0151zbak eml\u00e9km\u0171, a g\u00e9niusz szobor is  a m\u0171v\u00e9szetbe \u00e9p\u00edtett paraszti kult\u00fara megjelen\u00edt\u0151je.<br \/>\n<br \/>\n<div style=\"width: 640px;\" class=\"wp-video\"><!--[if lt IE 9]><script>document.createElement('video');<\/script><![endif]-->\n<video class=\"wp-video-shortcode\" id=\"video-8579-1\" width=\"640\" height=\"360\" preload=\"metadata\" controls=\"controls\"><source type=\"video\/mp4\" src=\"\/spots\/hir\/hir_180322_08.mp4?_=1\" \/><a href=\"\/spots\/hir\/hir_180322_08.mp4\">\/spots\/hir\/hir_180322_08.mp4<\/a><\/video><\/div><\/p>\n","protected":false},"excerpt":{"rendered":"<p>Nagymam\u00e1ink kor\u00e1ban nem j\u00e1rt a szemeteskocsi- hangzott el a Damjanich J\u00e1nos M\u00fazeum leg\u00fajabb ki\u00e1ll\u00edt\u00e1s\u00e1nak megnyit\u00f3j\u00e1n a Gal\u00e9ri\u00e1ban. A paraszti kult\u00far\u00e1ban ugyanis minden hullad\u00e9kot felhaszn\u00e1ltak. Az \u00fajrahasznos\u00edt\u00e1s a paraszti lelem\u00e9nyess\u00e9g \u00e9s \u00f6tletgazdags\u00e1g eredm\u00e9nye. Benedek Csaba n\u00e9prajzkutat\u00f3-muzeol\u00f3gus elmondta: -&#8220;Ez a t\u00e1rlat els\u0151sorban a paraszti kult\u00far\u00e1t\u00f3l a mai t\u00e1rsadalomig mutatja be azokat az elj\u00e1r\u00e1sokat , k\u00fcl\u00f6nb\u00f6z\u0151 praktik\u00e1kat, amivel [&hellip;]<\/p>\n","protected":false},"author":2,"featured_media":0,"comment_status":"closed","ping_status":"closed","sticky":false,"template":"","format":"standard","meta":[],"categories":[9],"tags":[],"_links":{"self":[{"href":"http:\/\/archiv.szolnoktv.hu\/index.php?rest_route=\/wp\/v2\/posts\/8579"}],"collection":[{"href":"http:\/\/archiv.szolnoktv.hu\/index.php?rest_route=\/wp\/v2\/posts"}],"about":[{"href":"http:\/\/archiv.szolnoktv.hu\/index.php?rest_route=\/wp\/v2\/types\/post"}],"author":[{"embeddable":true,"href":"http:\/\/archiv.szolnoktv.hu\/index.php?rest_route=\/wp\/v2\/users\/2"}],"replies":[{"embeddable":true,"href":"http:\/\/archiv.szolnoktv.hu\/index.php?rest_route=%2Fwp%2Fv2%2Fcomments&post=8579"}],"version-history":[{"count":1,"href":"http:\/\/archiv.szolnoktv.hu\/index.php?rest_route=\/wp\/v2\/posts\/8579\/revisions"}],"predecessor-version":[{"id":8614,"href":"http:\/\/archiv.szolnoktv.hu\/index.php?rest_route=\/wp\/v2\/posts\/8579\/revisions\/8614"}],"wp:attachment":[{"href":"http:\/\/archiv.szolnoktv.hu\/index.php?rest_route=%2Fwp%2Fv2%2Fmedia&parent=8579"}],"wp:term":[{"taxonomy":"category","embeddable":true,"href":"http:\/\/archiv.szolnoktv.hu\/index.php?rest_route=%2Fwp%2Fv2%2Fcategories&post=8579"},{"taxonomy":"post_tag","embeddable":true,"href":"http:\/\/archiv.szolnoktv.hu\/index.php?rest_route=%2Fwp%2Fv2%2Ftags&post=8579"}],"curies":[{"name":"wp","href":"https:\/\/api.w.org\/{rel}","templated":true}]}}