{"id":8578,"date":"2018-03-22T17:50:56","date_gmt":"2018-03-22T17:50:56","guid":{"rendered":"http:\/\/archiv.szolnoktv.hu\/?p=8578"},"modified":"2021-08-13T20:00:47","modified_gmt":"2021-08-13T20:00:47","slug":"japan-delegacio","status":"publish","type":"post","link":"http:\/\/archiv.szolnoktv.hu\/?p=8578","title":{"rendered":"Jap\u00e1n deleg\u00e1ci\u00f3"},"content":{"rendered":"<div class='booster-block booster-read-block'><\/div><p>35 \u00e9vvel ezel\u0151tt j\u00f6tt l\u00e9tre Szolnok \u00e9s Yuza k\u00f6z\u00f6tt az els\u0151 kapcsolat. A k\u00e9t v\u00e1ros egy\u00fcttm\u0171k\u00f6d\u00e9se 15 \u00e9ve emelkedett testv\u00e9rv\u00e1rosi szintre. Szerda este 10 di\u00e1k \u00e9s 4 k\u00eds\u00e9r\u0151 tan\u00e1r , valamint Yuza v\u00e1ros alpolg\u00e1rmestere \u00e9rkezett a megyesz\u00e9khelyre. D\u00e9lel\u0151tt Szab\u00f3 Istv\u00e1n alpolg\u00e1rmester a v\u00e1rosh\u00e1za d\u00edszterm\u00e9ben fogadta \u0151ket. A program d\u00e9lut\u00e1n a NEFAG vadasparkban folytat\u00f3dott. Itt az \u00edj\u00e1szkod\u00e1st pr\u00f3b\u00e1lt\u00e1k ki, valamint a h\u00e1zi-\u00e9s hobbi\u00e1llatokkal ismerkedtek meg. P\u00e9ld\u00e1ul mangalic\u00e1t is etettek a vend\u00e9gek.<br \/>\n<br \/>\n<div style=\"width: 640px;\" class=\"wp-video\"><!--[if lt IE 9]><script>document.createElement('video');<\/script><![endif]-->\n<video class=\"wp-video-shortcode\" id=\"video-8578-1\" width=\"640\" height=\"360\" preload=\"metadata\" controls=\"controls\"><source type=\"video\/mp4\" src=\"\/spots\/hir\/hir_180322_07.mp4?_=1\" \/><a href=\"\/spots\/hir\/hir_180322_07.mp4\">\/spots\/hir\/hir_180322_07.mp4<\/a><\/video><\/div><\/p>\n","protected":false},"excerpt":{"rendered":"<p>35 \u00e9vvel ezel\u0151tt j\u00f6tt l\u00e9tre Szolnok \u00e9s Yuza k\u00f6z\u00f6tt az els\u0151 kapcsolat. A k\u00e9t v\u00e1ros egy\u00fcttm\u0171k\u00f6d\u00e9se 15 \u00e9ve emelkedett testv\u00e9rv\u00e1rosi szintre. Szerda este 10 di\u00e1k \u00e9s 4 k\u00eds\u00e9r\u0151 tan\u00e1r , valamint Yuza v\u00e1ros alpolg\u00e1rmestere \u00e9rkezett a megyesz\u00e9khelyre. D\u00e9lel\u0151tt Szab\u00f3 Istv\u00e1n alpolg\u00e1rmester a v\u00e1rosh\u00e1za d\u00edszterm\u00e9ben fogadta \u0151ket. A program d\u00e9lut\u00e1n a NEFAG vadasparkban folytat\u00f3dott. Itt az [&hellip;]<\/p>\n","protected":false},"author":2,"featured_media":0,"comment_status":"closed","ping_status":"closed","sticky":false,"template":"","format":"standard","meta":[],"categories":[9],"tags":[],"_links":{"self":[{"href":"http:\/\/archiv.szolnoktv.hu\/index.php?rest_route=\/wp\/v2\/posts\/8578"}],"collection":[{"href":"http:\/\/archiv.szolnoktv.hu\/index.php?rest_route=\/wp\/v2\/posts"}],"about":[{"href":"http:\/\/archiv.szolnoktv.hu\/index.php?rest_route=\/wp\/v2\/types\/post"}],"author":[{"embeddable":true,"href":"http:\/\/archiv.szolnoktv.hu\/index.php?rest_route=\/wp\/v2\/users\/2"}],"replies":[{"embeddable":true,"href":"http:\/\/archiv.szolnoktv.hu\/index.php?rest_route=%2Fwp%2Fv2%2Fcomments&post=8578"}],"version-history":[{"count":1,"href":"http:\/\/archiv.szolnoktv.hu\/index.php?rest_route=\/wp\/v2\/posts\/8578\/revisions"}],"predecessor-version":[{"id":8615,"href":"http:\/\/archiv.szolnoktv.hu\/index.php?rest_route=\/wp\/v2\/posts\/8578\/revisions\/8615"}],"wp:attachment":[{"href":"http:\/\/archiv.szolnoktv.hu\/index.php?rest_route=%2Fwp%2Fv2%2Fmedia&parent=8578"}],"wp:term":[{"taxonomy":"category","embeddable":true,"href":"http:\/\/archiv.szolnoktv.hu\/index.php?rest_route=%2Fwp%2Fv2%2Fcategories&post=8578"},{"taxonomy":"post_tag","embeddable":true,"href":"http:\/\/archiv.szolnoktv.hu\/index.php?rest_route=%2Fwp%2Fv2%2Ftags&post=8578"}],"curies":[{"name":"wp","href":"https:\/\/api.w.org\/{rel}","templated":true}]}}