{"id":8576,"date":"2018-03-22T17:47:58","date_gmt":"2018-03-22T17:47:58","guid":{"rendered":"http:\/\/archiv.szolnoktv.hu\/?p=8576"},"modified":"2021-08-13T20:00:47","modified_gmt":"2021-08-13T20:00:47","slug":"generacios-olvasasi-kihivas","status":"publish","type":"post","link":"http:\/\/archiv.szolnoktv.hu\/?p=8576","title":{"rendered":"Gener\u00e1ci\u00f3s olvas\u00e1si kih\u00edv\u00e1s"},"content":{"rendered":"<div class='booster-block booster-read-block'><\/div><p>Folyamatos az \u00e9rdekl\u0151d\u00e9s a Verseghy Ferenc k\u00f6nyvt\u00e1rban a k\u00f6nyvek ir\u00e1nt. Az emberek szeretnek olvasni -mondj\u00e1k a szakemberek, de nem mindegy, hogy mit. A &#8220;L\u00e9p\u00e9sr\u0151l l\u00e9p\u00e9sre, gener\u00e1ci\u00f3s olvas\u00e1si kih\u00edv\u00e1s&#8221; j\u00e1t\u00e9k \u00e9letkorra \u00e9s t\u00e9mak\u00f6rre lebontva k\u00edn\u00e1lja az olvasnival\u00f3t a csal\u00e1doknak. A m\u00e1rcius 22-\u00e9n indult verseny l\u00e9nyege, hogy szeptember 30-ig a csal\u00e1doknak minimum 20 k\u00f6nyvet el kell olvasniuk. Szolnok k\u00f6nyvt\u00e1rai seg\u00edts\u00e9get ny\u00fajtanak a v\u00e1laszt\u00e1sban.<\/p>\n<p>A j\u00e1t\u00e9k sor\u00e1n a sz\u00fcl\u0151k is bepillanthatnak abba, hogy milyen k\u00f6nyveket szeretnek olvasni a fiatalok, mit aj\u00e1nl egy gyereknek a k\u00f6nyvt\u00e1r.<br \/>Ma m\u00e1r nem felt\u00e9tlen a klasszikus, k\u00f6telez\u0151 irodalom a legn\u00e9pszer\u0171bb a di\u00e1ks\u00e1g k\u00f6r\u00e9ben, hiszen a r\u00e9gi id\u0151k \u00edr\u00e1sainak nyelvezet\u00e9t nem mindenki \u00e9rti meg. A mai irodalom is hordoz \u00e9rt\u00e9ket. A sorozatok, filmek k\u00f6nyv v\u00e1ltozatai kifejezetten n\u00e9pszer\u0171ek.<\/p>\n<p>&#8220;A k\u00f6nyvt\u00e1r c\u00e9lja a k\u00f6nyv n\u00e9pszer\u0171s\u00edt\u00e9se, felh\u00edvni a figyelmet, hogy a k\u00f6nyvben mennyi \u00e9rt\u00e9kes inform\u00e1ci\u00f3 van, \u00e9rt\u00e9kesebb, mint amit az interneten tal\u00e1l az ember.&#8221; -mondta CZAK\u00d3N\u00c9 GACOV KATALIN igazgat\u00f3.<\/p>\n<p>A csal\u00e1doknak 20, a j\u00e1t\u00e9kra egy\u00e9nileg nevez\u0151knek 10 k\u00f6nyvet kell elolvasniuk. A v\u00e1ros k\u00f6nyvt\u00e1raiban, a Hild Viktorban, Szandasz\u0151l\u0151s\u00f6n \u00e9s a Verseghy K\u00f6nyvt\u00e1rban is lehet j\u00e1tszani. A k\u00f6nyvt\u00e1rosok pontgy\u0171jt\u0151 lapon igazolj\u00e1k az elolvasott k\u00f6nyvek sz\u00e1m\u00e1t. A j\u00e1t\u00e9k szeptember 30-ig tart. A gy\u0151ztes \u00e9rt\u00e9kes nyerem\u00e9nyt kap.<br \/>\n<br \/>\n<div style=\"width: 640px;\" class=\"wp-video\"><!--[if lt IE 9]><script>document.createElement('video');<\/script><![endif]-->\n<video class=\"wp-video-shortcode\" id=\"video-8576-1\" width=\"640\" height=\"360\" preload=\"metadata\" controls=\"controls\"><source type=\"video\/mp4\" src=\"\/spots\/hir\/hir_180322_03.mp4?_=1\" \/><a href=\"\/spots\/hir\/hir_180322_03.mp4\">\/spots\/hir\/hir_180322_03.mp4<\/a><\/video><\/div><\/p>\n","protected":false},"excerpt":{"rendered":"<p>Folyamatos az \u00e9rdekl\u0151d\u00e9s a Verseghy Ferenc k\u00f6nyvt\u00e1rban a k\u00f6nyvek ir\u00e1nt. Az emberek szeretnek olvasni -mondj\u00e1k a szakemberek, de nem mindegy, hogy mit. A &#8220;L\u00e9p\u00e9sr\u0151l l\u00e9p\u00e9sre, gener\u00e1ci\u00f3s olvas\u00e1si kih\u00edv\u00e1s&#8221; j\u00e1t\u00e9k \u00e9letkorra \u00e9s t\u00e9mak\u00f6rre lebontva k\u00edn\u00e1lja az olvasnival\u00f3t a csal\u00e1doknak. A m\u00e1rcius 22-\u00e9n indult verseny l\u00e9nyege, hogy szeptember 30-ig a csal\u00e1doknak minimum 20 k\u00f6nyvet el kell olvasniuk. [&hellip;]<\/p>\n","protected":false},"author":2,"featured_media":0,"comment_status":"closed","ping_status":"closed","sticky":false,"template":"","format":"standard","meta":[],"categories":[9],"tags":[],"_links":{"self":[{"href":"http:\/\/archiv.szolnoktv.hu\/index.php?rest_route=\/wp\/v2\/posts\/8576"}],"collection":[{"href":"http:\/\/archiv.szolnoktv.hu\/index.php?rest_route=\/wp\/v2\/posts"}],"about":[{"href":"http:\/\/archiv.szolnoktv.hu\/index.php?rest_route=\/wp\/v2\/types\/post"}],"author":[{"embeddable":true,"href":"http:\/\/archiv.szolnoktv.hu\/index.php?rest_route=\/wp\/v2\/users\/2"}],"replies":[{"embeddable":true,"href":"http:\/\/archiv.szolnoktv.hu\/index.php?rest_route=%2Fwp%2Fv2%2Fcomments&post=8576"}],"version-history":[{"count":1,"href":"http:\/\/archiv.szolnoktv.hu\/index.php?rest_route=\/wp\/v2\/posts\/8576\/revisions"}],"predecessor-version":[{"id":8617,"href":"http:\/\/archiv.szolnoktv.hu\/index.php?rest_route=\/wp\/v2\/posts\/8576\/revisions\/8617"}],"wp:attachment":[{"href":"http:\/\/archiv.szolnoktv.hu\/index.php?rest_route=%2Fwp%2Fv2%2Fmedia&parent=8576"}],"wp:term":[{"taxonomy":"category","embeddable":true,"href":"http:\/\/archiv.szolnoktv.hu\/index.php?rest_route=%2Fwp%2Fv2%2Fcategories&post=8576"},{"taxonomy":"post_tag","embeddable":true,"href":"http:\/\/archiv.szolnoktv.hu\/index.php?rest_route=%2Fwp%2Fv2%2Ftags&post=8576"}],"curies":[{"name":"wp","href":"https:\/\/api.w.org\/{rel}","templated":true}]}}