{"id":8575,"date":"2018-03-22T17:39:53","date_gmt":"2018-03-22T17:39:53","guid":{"rendered":"http:\/\/archiv.szolnoktv.hu\/?p=8575"},"modified":"2021-08-13T20:00:48","modified_gmt":"2021-08-13T20:00:48","slug":"felujitjak-a-besenyszogi-utat","status":"publish","type":"post","link":"http:\/\/archiv.szolnoktv.hu\/?p=8575","title":{"rendered":"Fel\u00faj\u00edtj\u00e1k a besenysz\u00f6gi utat"},"content":{"rendered":"<div class='booster-block booster-read-block'><\/div><p>Ilyen \u00e9s enn\u00e9l j\u00f3val m\u00e9lyebb k\u00e1ty\u00fak keser\u00edtik meg a Besenysz\u00f6g\u00f6n \u00e9l\u0151k mindennapjait. A telep\u00fcl\u00e9sre vezet\u0151 \u00fat t\u00f6redezett \u00e9s balesetvesz\u00e9lyes, szinte az eg\u00e9sz , majd 10 kilom\u00e9teres szakaszon. \u00c1prilis 16-\u00e1n azonban megkezd\u0151dik a rekonstrukci\u00f3. A besenysz\u00f6gi \u00fat fel\u00faj\u00edt\u00e1sa r\u00e9sze annak a programnak, melynek kapcs\u00e1n nyolc telep\u00fcl\u00e9s bek\u00f6t\u0151\u00fatja \u00fajul meg  t\u00e9rs\u00e9g\u00fcnkben. <\/p>\n<p>-Nem olyan r\u00e9gen vett\u00fcnk r\u00e9szt a v\u00e1ros nyugati kapuj\u00e1n\u00e1l a 32-es \u00e9s 4-es \u00fat n\u00e9gy kilom\u00e9teres szakasz\u00e1nak az elind\u00edt\u00e1s\u00e1n\u00e1l. Ezen az \u00faton megy\u00fcnk tov\u00e1bb hiszen nagyon fontos k\u00e9rd\u00e9s. Nem csak a gyorsforgalmi, hanem a telep\u00fcl\u00e9sek k\u00f6zti utak is. Nagyon fontos a lakoss\u00e1g biztons\u00e1ga, \u00e9s a lakoss\u00e1g biztons\u00e1g\u00e1n t\u00fal, a gazdas\u00e1gi er\u0151 mind mind \u00f6sszef\u00fcgg az infrastrukt\u00fara fejleszt\u00e9s\u00e9vel.&#8221; &#8211; mondta Dr. K\u00e1llai M\u00e1ria. <\/p>\n<p>A besenysz\u00f6gi utat pontosan 7532 m\u00e9ter hosszan \u00faj\u00edtj\u00e1k fel. A teljes \u00e9rintett szakaszon a fels\u0151 elhaszn\u00e1l\u00f3dott, illetve esetenk\u00e9nt a m\u00e9lyebben kik\u00e1ty\u00fasodott, repedezett aszfaltr\u00e9teget elt\u00e1vol\u00edtj\u00e1k. Erre  120 napja lesz a kivitelez\u0151nek &#8211; vette \u00e1t a sz\u00f3t Szalay Ferenc. A polg\u00e1rmester hozz\u00e1tette: meg\u00fajul a fennmarad\u00f3 2 \u00e9s f\u00e9l kilom\u00e9teres szakasz is. <\/p>\n<p>-A Szolnokt\u00f3l id\u00e1ig tart\u00f3 k\u00e9t \u00e9s f\u00e9l kilom\u00e9teres szakasz a Szolnok-Fegyvernek n\u00e9gys\u00e1vos\u00edt\u00e1s r\u00e9sze. Teh\u00e1t senki se tartson att\u00f3l, hogy itt befejez\u0151dik az \u00fat\u00e9p\u00edt\u00e9s \u00e9s szolno9kig ez a rossz szakasz marad meg. &#8211; -mondta Szalay ferenc. <\/p>\n<p> 2019 v\u00e9g\u00e9re elk\u00e9sz\u00fcl az M4-es gyorsforgalmi \u00fat Cegl\u00e9d-Abony k\u00f6z\u00f6tti szakasza  &#8211;   folytatta a polg\u00e1rmester, hozz\u00e1t\u00e9ve: A Szolnok-Fegyvernek n\u00e9gys\u00e1vos\u00edt\u00e1sa pedig v\u00e1rhat\u00f3an 2020-ra, a k\u00f6zbeszerz\u00e9st tavasszal \u00edrj\u00e1k ki.<br \/>\n<br \/>\n<div style=\"width: 640px;\" class=\"wp-video\"><!--[if lt IE 9]><script>document.createElement('video');<\/script><![endif]-->\n<video class=\"wp-video-shortcode\" id=\"video-8575-1\" width=\"640\" height=\"360\" preload=\"metadata\" controls=\"controls\"><source type=\"video\/mp4\" src=\"\/spots\/hir\/hir_180322_04.mp4?_=1\" \/><a href=\"\/spots\/hir\/hir_180322_04.mp4\">\/spots\/hir\/hir_180322_04.mp4<\/a><\/video><\/div><\/p>\n","protected":false},"excerpt":{"rendered":"<p>Ilyen \u00e9s enn\u00e9l j\u00f3val m\u00e9lyebb k\u00e1ty\u00fak keser\u00edtik meg a Besenysz\u00f6g\u00f6n \u00e9l\u0151k mindennapjait. A telep\u00fcl\u00e9sre vezet\u0151 \u00fat t\u00f6redezett \u00e9s balesetvesz\u00e9lyes, szinte az eg\u00e9sz , majd 10 kilom\u00e9teres szakaszon. \u00c1prilis 16-\u00e1n azonban megkezd\u0151dik a rekonstrukci\u00f3. A besenysz\u00f6gi \u00fat fel\u00faj\u00edt\u00e1sa r\u00e9sze annak a programnak, melynek kapcs\u00e1n nyolc telep\u00fcl\u00e9s bek\u00f6t\u0151\u00fatja \u00fajul meg t\u00e9rs\u00e9g\u00fcnkben. -Nem olyan r\u00e9gen vett\u00fcnk r\u00e9szt a [&hellip;]<\/p>\n","protected":false},"author":2,"featured_media":0,"comment_status":"closed","ping_status":"closed","sticky":false,"template":"","format":"standard","meta":[],"categories":[9],"tags":[],"_links":{"self":[{"href":"http:\/\/archiv.szolnoktv.hu\/index.php?rest_route=\/wp\/v2\/posts\/8575"}],"collection":[{"href":"http:\/\/archiv.szolnoktv.hu\/index.php?rest_route=\/wp\/v2\/posts"}],"about":[{"href":"http:\/\/archiv.szolnoktv.hu\/index.php?rest_route=\/wp\/v2\/types\/post"}],"author":[{"embeddable":true,"href":"http:\/\/archiv.szolnoktv.hu\/index.php?rest_route=\/wp\/v2\/users\/2"}],"replies":[{"embeddable":true,"href":"http:\/\/archiv.szolnoktv.hu\/index.php?rest_route=%2Fwp%2Fv2%2Fcomments&post=8575"}],"version-history":[{"count":1,"href":"http:\/\/archiv.szolnoktv.hu\/index.php?rest_route=\/wp\/v2\/posts\/8575\/revisions"}],"predecessor-version":[{"id":8618,"href":"http:\/\/archiv.szolnoktv.hu\/index.php?rest_route=\/wp\/v2\/posts\/8575\/revisions\/8618"}],"wp:attachment":[{"href":"http:\/\/archiv.szolnoktv.hu\/index.php?rest_route=%2Fwp%2Fv2%2Fmedia&parent=8575"}],"wp:term":[{"taxonomy":"category","embeddable":true,"href":"http:\/\/archiv.szolnoktv.hu\/index.php?rest_route=%2Fwp%2Fv2%2Fcategories&post=8575"},{"taxonomy":"post_tag","embeddable":true,"href":"http:\/\/archiv.szolnoktv.hu\/index.php?rest_route=%2Fwp%2Fv2%2Ftags&post=8575"}],"curies":[{"name":"wp","href":"https:\/\/api.w.org\/{rel}","templated":true}]}}