{"id":8574,"date":"2018-03-22T17:38:25","date_gmt":"2018-03-22T17:38:25","guid":{"rendered":"http:\/\/archiv.szolnoktv.hu\/?p=8574"},"modified":"2021-08-13T20:00:48","modified_gmt":"2021-08-13T20:00:48","slug":"belviz","status":"publish","type":"post","link":"http:\/\/archiv.szolnoktv.hu\/?p=8574","title":{"rendered":"Belv\u00edz"},"content":{"rendered":"<div class='booster-block booster-read-block'><\/div><p>Amint ezeken a dr\u00f3nfelv\u00e9teleken is j\u00f3l l\u00e1tszik, a Szolnokhoz k\u00f6zeli Besenysz\u00f6g- Dobapuszt\u00e1n is s\u00falyos gondot jelent a f\u00f6ld\u00f6n rekedt v\u00edz. Ondr\u00e9k R\u00f3bert 110 hekt\u00e1ron gazd\u00e1lkodik. 60 hekt\u00e1ron \u0151szi \u00e1rp\u00e1t, 50- en \u0151szi b\u00faz\u00e1t vetett. K\u00e9t hete minden nap kint van, hogy seg\u00edtse a v\u00edz lefoly\u00e1s\u00e1t.<\/p>\n<p>-A kisebb csatorn\u00e1kat azokat \u00e1s\u00f3val, lap\u00e1ttal \u00e9s k\u00e9zi er\u0151vel h\u00fazzuk. A f\u00f6ld k\u00f6zep\u00e9n van egy nagyobb traktorral h\u00fazott \u00e1rok ami ide vezeti le a vizet.&#8221;<\/p>\n<p>A Tisza g\u00e1tj\u00e1ig h\u00faz\u00f3d\u00f3 ter\u00fcletr\u0151l a csatorn\u00e1knak k\u00f6sz\u00f6nhet\u0151en egyel\u0151re j\u00f3 \u00fctemben folyik el a v\u00edz, \u00e1m ha \u00fajabb csapad\u00e9k \u00e9rkezik, az komoly gondot jelenthet.<\/p>\n<p>-Ha ut\u00e1np\u00f3tl\u00e1s \u00e9rkezik, akkor egy 50%- os term\u00e9skies\u00e9ssel sz\u00e1molunk. Ha k\u00e9t h\u00e9ten bel\u00fcl meg\u00e9rkeznek a b\u00f6jti szelek \u00e9s jobbra fordul az id\u0151, akkor bizakodhatunk m\u00e9g egy j\u00f3 er\u0151s k\u00f6zepes term\u00e9sben.&#8221;<\/p>\n<p>A Tisza ment\u00e9n gazd\u00e1lkod\u00f3k rem\u00e9lik, hogy a foly\u00f3 \u00e1rad\u00e1sa k\u00e9s\u0151bb kezd\u0151dik. A visszaduzzaszt\u00f3 hat\u00e1s miatt ugyanis a belv\u00edzlevezet\u0151 csatorn\u00e1k is felmondhatj\u00e1k a szolg\u00e1latot. A K\u00f6z\u00e9p-Tisza-vid\u00e9ki V\u00edz\u00fcgyi Igazgat\u00f3s\u00e1g valamennyi belv\u00edzv\u00e9delmi szakasz\u00e1n k\u00e9sz\u00fclts\u00e9g van \u00e9rv\u00e9nyben. Az el\u00f6nt\u00f6tt ter\u00fclet nagys\u00e1ga 13.710 hekt\u00e1r. Az elm\u00falt 24 \u00f3r\u00e1ban 2.7 milli\u00f3 liter vizet emeltek \u00e1t a szivatty\u00fak a K\u00d6TIVIZIG illet\u00e9kess\u00e9gi ter\u00fclet\u00e9n.<br \/>\n<br \/>\n<div style=\"width: 640px;\" class=\"wp-video\"><!--[if lt IE 9]><script>document.createElement('video');<\/script><![endif]-->\n<video class=\"wp-video-shortcode\" id=\"video-8574-1\" width=\"640\" height=\"360\" preload=\"metadata\" controls=\"controls\"><source type=\"video\/mp4\" src=\"\/spots\/hir\/hir_180322_01.mp4?_=1\" \/><a href=\"\/spots\/hir\/hir_180322_01.mp4\">\/spots\/hir\/hir_180322_01.mp4<\/a><\/video><\/div><\/p>\n","protected":false},"excerpt":{"rendered":"<p>Amint ezeken a dr\u00f3nfelv\u00e9teleken is j\u00f3l l\u00e1tszik, a Szolnokhoz k\u00f6zeli Besenysz\u00f6g- Dobapuszt\u00e1n is s\u00falyos gondot jelent a f\u00f6ld\u00f6n rekedt v\u00edz. Ondr\u00e9k R\u00f3bert 110 hekt\u00e1ron gazd\u00e1lkodik. 60 hekt\u00e1ron \u0151szi \u00e1rp\u00e1t, 50- en \u0151szi b\u00faz\u00e1t vetett. K\u00e9t hete minden nap kint van, hogy seg\u00edtse a v\u00edz lefoly\u00e1s\u00e1t. -A kisebb csatorn\u00e1kat azokat \u00e1s\u00f3val, lap\u00e1ttal \u00e9s k\u00e9zi er\u0151vel h\u00fazzuk. [&hellip;]<\/p>\n","protected":false},"author":2,"featured_media":0,"comment_status":"closed","ping_status":"closed","sticky":false,"template":"","format":"standard","meta":[],"categories":[9],"tags":[],"_links":{"self":[{"href":"http:\/\/archiv.szolnoktv.hu\/index.php?rest_route=\/wp\/v2\/posts\/8574"}],"collection":[{"href":"http:\/\/archiv.szolnoktv.hu\/index.php?rest_route=\/wp\/v2\/posts"}],"about":[{"href":"http:\/\/archiv.szolnoktv.hu\/index.php?rest_route=\/wp\/v2\/types\/post"}],"author":[{"embeddable":true,"href":"http:\/\/archiv.szolnoktv.hu\/index.php?rest_route=\/wp\/v2\/users\/2"}],"replies":[{"embeddable":true,"href":"http:\/\/archiv.szolnoktv.hu\/index.php?rest_route=%2Fwp%2Fv2%2Fcomments&post=8574"}],"version-history":[{"count":1,"href":"http:\/\/archiv.szolnoktv.hu\/index.php?rest_route=\/wp\/v2\/posts\/8574\/revisions"}],"predecessor-version":[{"id":8619,"href":"http:\/\/archiv.szolnoktv.hu\/index.php?rest_route=\/wp\/v2\/posts\/8574\/revisions\/8619"}],"wp:attachment":[{"href":"http:\/\/archiv.szolnoktv.hu\/index.php?rest_route=%2Fwp%2Fv2%2Fmedia&parent=8574"}],"wp:term":[{"taxonomy":"category","embeddable":true,"href":"http:\/\/archiv.szolnoktv.hu\/index.php?rest_route=%2Fwp%2Fv2%2Fcategories&post=8574"},{"taxonomy":"post_tag","embeddable":true,"href":"http:\/\/archiv.szolnoktv.hu\/index.php?rest_route=%2Fwp%2Fv2%2Ftags&post=8574"}],"curies":[{"name":"wp","href":"https:\/\/api.w.org\/{rel}","templated":true}]}}