{"id":8573,"date":"2018-03-22T17:36:48","date_gmt":"2018-03-22T17:36:48","guid":{"rendered":"http:\/\/archiv.szolnoktv.hu\/?p=8573"},"modified":"2021-08-13T20:00:48","modified_gmt":"2021-08-13T20:00:48","slug":"bach-mindenkinek-fesztival-2","status":"publish","type":"post","link":"http:\/\/archiv.szolnoktv.hu\/?p=8573","title":{"rendered":"Bach Mindenkinek Fesztiv\u00e1l"},"content":{"rendered":"<div class='booster-block booster-read-block'><\/div><p>Voltak, akik tesztsort t\u00f6lt\u00f6ttek ki, de olyan csapatok is akadtak, akiknek szolmiz\u00e1ci\u00f3s tud\u00e1sukat kellett pr\u00f3b\u00e1ra tenni\u00fck szerda d\u00e9lut\u00e1n. Az \u00c1d\u00e1m Jen\u0151 Zeneiskola fuvolatansz\u00e9k\u00e9nek di\u00e1kjai a barokk zene \u00e9s az egyetemes zenet\u00f6rt\u00e9net egyik \u00f3ri\u00e1s\u00e1ra eml\u00e9keztek j\u00e1t\u00e9kos feladatokon kereszt\u00fcl. A gyerekek nagy r\u00e9sze m\u00e1r tanult Bachr\u00f3l, ez\u00e9rt a feladv\u00e1nyok megold\u00e1s nem okozott gondot. <\/p>\n<p>-Sokat tanultam igen. Szerintem sokak sz\u00e1m\u00e1ra ismer\u0151s az Anna Magdal\u00e9na sz\u00e1m\u00e1ra \u00edrt men\u00fcettje. Valamint most volt egy zenet\u00f6rt\u00e9neti el\u0151ad\u00e1s, ahol nagyon sok dolgot megtudtunk r\u00f3la, hogy miket alkotott, milyen m\u0171fajokban \u00e9s milyen v\u00e1rosokban tev\u00e9kenykedett. Nagyon \u00e9rdekes volt.&#8221;- mes\u00e9lte Nemes Tekla Luca.<\/p>\n<p>-Ha a zen\u00e9t szeretn\u00e9nk tanulni, akkor tudni kell, hogy ez a zene kit\u0151l sz\u00e1rmazik, ki \u00edrta \u00e9s akkor meg kell tudnunk az \u00e9let\u00e9t, hogy milyen az \u00fcteme, mert szerintem hat\u00e1ssal van az \u00edr\u00e1s\u00e1ra.&#8221; &#8211; tette hozz\u00e1 Hajd\u00fa Kincs\u0151 B\u00edbor.<\/p>\n<p>A -Tehets\u00e9gnap Bach jegy\u00e9ben&#8221; programmal az int\u00e9zm\u00e9ny a Bach Mindenkinek Fesztiv\u00e1l rendezv\u00e9ny\u00e9hez kapcsol\u00f3dott, amit Magyarorsz\u00e1gon negyedik alkalommal rendeztek meg. Id\u00e9n 32 hazai telep\u00fcl\u00e9s mellett, Nagyv\u00e1rad is csatlakozott az Amerik\u00e1b\u00f3l indult kezdem\u00e9nyez\u00e9shez. A zenei \u00fcnneppel vil\u00e1gszerte a barokk zeneszerz\u0151 sz\u00fclet\u00e9snapj\u00e1t \u00fcnneplik.<\/p>\n<p>-Az eg\u00e9sz zenei kult\u00far\u00e1nak az orig\u00f3ja. Hozz\u00e1 k\u00e9pest n\u00e9zz\u00fck, hogy mi volt el\u0151tte, mi volt ut\u00e1na. Hozz\u00e1 k\u00e9pest hogyan v\u00e1ltoztak Antonio Vivaldit\u00f3l, Emminamig, gyakorlatilag mindenki bel\u0151le t\u00e1pl\u00e1lkozik. Bach a kult\u00far\u00e1nk szempontj\u00e1b\u00f3l olyan, mint az emberis\u00e9gnek a leveg\u0151, a v\u00edz vagy a keny\u00e9r.&#8221;- mondta Kov\u00e1cs Zal\u00e1n a fesztiv\u00e1l igazgat\u00f3ja.<\/p>\n<p>A programhoz csatalakoz\u00f3k k\u00f6re j\u00f6v\u0151re tov\u00e1bb b\u0151v\u00fcl, ez\u00e9rt 2019-ben m\u00e1r k\u00e1rp\u00e1tmedencei fesztiv\u00e1l lesz a Bach Mindenkinek Fesztiv\u00e1l.<br \/>\n<br \/>\n<div style=\"width: 640px;\" class=\"wp-video\"><!--[if lt IE 9]><script>document.createElement('video');<\/script><![endif]-->\n<video class=\"wp-video-shortcode\" id=\"video-8573-1\" width=\"640\" height=\"360\" preload=\"metadata\" controls=\"controls\"><source type=\"video\/mp4\" src=\"\/spots\/hir\/hir_180322_06.mp4?_=1\" \/><a href=\"\/spots\/hir\/hir_180322_06.mp4\">\/spots\/hir\/hir_180322_06.mp4<\/a><\/video><\/div><\/p>\n","protected":false},"excerpt":{"rendered":"<p>Voltak, akik tesztsort t\u00f6lt\u00f6ttek ki, de olyan csapatok is akadtak, akiknek szolmiz\u00e1ci\u00f3s tud\u00e1sukat kellett pr\u00f3b\u00e1ra tenni\u00fck szerda d\u00e9lut\u00e1n. Az \u00c1d\u00e1m Jen\u0151 Zeneiskola fuvolatansz\u00e9k\u00e9nek di\u00e1kjai a barokk zene \u00e9s az egyetemes zenet\u00f6rt\u00e9net egyik \u00f3ri\u00e1s\u00e1ra eml\u00e9keztek j\u00e1t\u00e9kos feladatokon kereszt\u00fcl. A gyerekek nagy r\u00e9sze m\u00e1r tanult Bachr\u00f3l, ez\u00e9rt a feladv\u00e1nyok megold\u00e1s nem okozott gondot. -Sokat tanultam igen. Szerintem [&hellip;]<\/p>\n","protected":false},"author":2,"featured_media":0,"comment_status":"closed","ping_status":"closed","sticky":false,"template":"","format":"standard","meta":[],"categories":[9],"tags":[],"_links":{"self":[{"href":"http:\/\/archiv.szolnoktv.hu\/index.php?rest_route=\/wp\/v2\/posts\/8573"}],"collection":[{"href":"http:\/\/archiv.szolnoktv.hu\/index.php?rest_route=\/wp\/v2\/posts"}],"about":[{"href":"http:\/\/archiv.szolnoktv.hu\/index.php?rest_route=\/wp\/v2\/types\/post"}],"author":[{"embeddable":true,"href":"http:\/\/archiv.szolnoktv.hu\/index.php?rest_route=\/wp\/v2\/users\/2"}],"replies":[{"embeddable":true,"href":"http:\/\/archiv.szolnoktv.hu\/index.php?rest_route=%2Fwp%2Fv2%2Fcomments&post=8573"}],"version-history":[{"count":1,"href":"http:\/\/archiv.szolnoktv.hu\/index.php?rest_route=\/wp\/v2\/posts\/8573\/revisions"}],"predecessor-version":[{"id":8620,"href":"http:\/\/archiv.szolnoktv.hu\/index.php?rest_route=\/wp\/v2\/posts\/8573\/revisions\/8620"}],"wp:attachment":[{"href":"http:\/\/archiv.szolnoktv.hu\/index.php?rest_route=%2Fwp%2Fv2%2Fmedia&parent=8573"}],"wp:term":[{"taxonomy":"category","embeddable":true,"href":"http:\/\/archiv.szolnoktv.hu\/index.php?rest_route=%2Fwp%2Fv2%2Fcategories&post=8573"},{"taxonomy":"post_tag","embeddable":true,"href":"http:\/\/archiv.szolnoktv.hu\/index.php?rest_route=%2Fwp%2Fv2%2Ftags&post=8573"}],"curies":[{"name":"wp","href":"https:\/\/api.w.org\/{rel}","templated":true}]}}