{"id":8571,"date":"2018-03-21T17:12:16","date_gmt":"2018-03-21T17:12:16","guid":{"rendered":"http:\/\/archiv.szolnoktv.hu\/?p=8571"},"modified":"2021-08-13T20:00:48","modified_gmt":"2021-08-13T20:00:48","slug":"mszp-sajtotajekoztato-11","status":"publish","type":"post","link":"http:\/\/archiv.szolnoktv.hu\/?p=8571","title":{"rendered":"MSZP sajt\u00f3t\u00e1j\u00e9koztat\u00f3"},"content":{"rendered":"<div class='booster-block booster-read-block'><\/div><p>A szoci\u00e1lis demokr\u00e1cia programj\u00e1ban rugalmas nyugd\u00edjba vonul\u00e1si lehet\u0151s\u00e9get v\u00e1llalt az MSZP-P\u00e1rbesz\u00e9d &#8211; mondta el mai sajt\u00f3t\u00e1j\u00e9koztat\u00f3j\u00e1n Kor\u00f3zs Lajos orsz\u00e1ggy\u0171l\u00e9si k\u00e9pvisel\u0151. Visszahozn\u00e1k a rokkants\u00e1gi \u00e9s baleseti rokkants\u00e1gi nyugd\u00edjat. <\/p>\n<p>Kor\u00f3zs Lajos orsz\u00e1ggy\u0171l\u00e9si k\u00e9pvisel\u0151, MSZP<br \/>-&#8221; Ezen t\u00falmen\u0151en v\u00e1llaltuk, hogy megdupl\u00e1zzuk az \u00f6regs\u00e9gi nyugd\u00edj legkisebb \u00f6sszeg\u00e9t, hiszen 8 \u00e9v \u00f3ta ez v\u00e1ltozatlan: 28500 Ft. Kimondani is sz\u00e9gyen. Ezen t\u00fal az v\u00e1llaltuk, hogy a j\u00e1rul\u00e9kplafont vissza fogjuk \u00e1ll\u00edtani \u00e9s megsz\u00fcntetj\u00fck milli\u00f3s nyugd\u00edjak lehet\u0151s\u00e9g\u00e9t. &#8211;<\/p>\n<p> &#8220;Ha korm\u00e1nyt tudunk alak\u00edtani, akkor az olyan emberek, akik soha nem dolgoztak ebben az orsz\u00e1gban, soha egy fill\u00e9r ad\u00f3t \u00e9s j\u00e1rul\u00e9kot nem fizettek, azok nem fognak magyar nyugd\u00edjat kapni&#8221; &#8211; hangs\u00falyozta Kor\u00f3zs Lajos orsz\u00e1ggy\u0171l\u00e9si k\u00e9pvisel\u0151. <br \/> Gy\u00f6rfi Mih\u00e1ly kiemelte, hogy nap mint nap t\u00f6bb sz\u00e1z emberrel besz\u00e9lgetnek, akik val\u00f3di v\u00e1ltoz\u00e1st \u00e9s anyagi biztons\u00e1got akarnak. <\/p>\n<p> Gy\u00f6rfi Mih\u00e1ly orsz\u00e1ggy\u0171l\u00e9si k\u00e9pvisel\u0151jel\u00f6lt, MSZP-P\u00e1rbesz\u00e9d: <\/p>\n<p>-&#8220;Minden egyes telep\u00fcl\u00e9sen sz\u00f3ba ker\u00fcl az utak \u00e1llapota, amivel biztons\u00e1gosabb\u00e1 lehetne tenni az \u00e9let\u00fcket. Erre szeretn\u00e9nk mi az MSZP-P\u00e1rbesz\u00e9d megold\u00e1st tal\u00e1lni. Mint a jobb oldallal szemben \u00e1ll\u00f3 leges\u00e9lyesebb demokrata jel\u00f6lt arra k\u00e9rem a v\u00e1laszt\u00f3kat, hogy t\u00e1mogassanak \u00e1prilis 8-\u00e1n szavazatukkal, hogy lev\u00e1lthassuk Orb\u00e1n Viktor helytart\u00f3j\u00e1t. &#8211;<\/p>\n<p>A p\u00e1rt programja szerint 2022-re, a nyugd\u00edjkorrekci\u00f3s program, hat\u00e1sak\u00e9nt nett\u00f3 100 ezer forint lenne a minim\u00e1l nyugd\u00edj \u00f6sszege.<br \/>\n<br \/>\n<div style=\"width: 640px;\" class=\"wp-video\"><!--[if lt IE 9]><script>document.createElement('video');<\/script><![endif]-->\n<video class=\"wp-video-shortcode\" id=\"video-8571-1\" width=\"640\" height=\"360\" preload=\"metadata\" controls=\"controls\"><source type=\"video\/mp4\" src=\"\/spots\/hir\/hir_180321_05.mp4?_=1\" \/><a href=\"\/spots\/hir\/hir_180321_05.mp4\">\/spots\/hir\/hir_180321_05.mp4<\/a><\/video><\/div><\/p>\n","protected":false},"excerpt":{"rendered":"<p>A szoci\u00e1lis demokr\u00e1cia programj\u00e1ban rugalmas nyugd\u00edjba vonul\u00e1si lehet\u0151s\u00e9get v\u00e1llalt az MSZP-P\u00e1rbesz\u00e9d &#8211; mondta el mai sajt\u00f3t\u00e1j\u00e9koztat\u00f3j\u00e1n Kor\u00f3zs Lajos orsz\u00e1ggy\u0171l\u00e9si k\u00e9pvisel\u0151. Visszahozn\u00e1k a rokkants\u00e1gi \u00e9s baleseti rokkants\u00e1gi nyugd\u00edjat. Kor\u00f3zs Lajos orsz\u00e1ggy\u0171l\u00e9si k\u00e9pvisel\u0151, MSZP-&#8221; Ezen t\u00falmen\u0151en v\u00e1llaltuk, hogy megdupl\u00e1zzuk az \u00f6regs\u00e9gi nyugd\u00edj legkisebb \u00f6sszeg\u00e9t, hiszen 8 \u00e9v \u00f3ta ez v\u00e1ltozatlan: 28500 Ft. Kimondani is sz\u00e9gyen. Ezen t\u00fal [&hellip;]<\/p>\n","protected":false},"author":2,"featured_media":0,"comment_status":"closed","ping_status":"closed","sticky":false,"template":"","format":"standard","meta":[],"categories":[9],"tags":[],"_links":{"self":[{"href":"http:\/\/archiv.szolnoktv.hu\/index.php?rest_route=\/wp\/v2\/posts\/8571"}],"collection":[{"href":"http:\/\/archiv.szolnoktv.hu\/index.php?rest_route=\/wp\/v2\/posts"}],"about":[{"href":"http:\/\/archiv.szolnoktv.hu\/index.php?rest_route=\/wp\/v2\/types\/post"}],"author":[{"embeddable":true,"href":"http:\/\/archiv.szolnoktv.hu\/index.php?rest_route=\/wp\/v2\/users\/2"}],"replies":[{"embeddable":true,"href":"http:\/\/archiv.szolnoktv.hu\/index.php?rest_route=%2Fwp%2Fv2%2Fcomments&post=8571"}],"version-history":[{"count":1,"href":"http:\/\/archiv.szolnoktv.hu\/index.php?rest_route=\/wp\/v2\/posts\/8571\/revisions"}],"predecessor-version":[{"id":8622,"href":"http:\/\/archiv.szolnoktv.hu\/index.php?rest_route=\/wp\/v2\/posts\/8571\/revisions\/8622"}],"wp:attachment":[{"href":"http:\/\/archiv.szolnoktv.hu\/index.php?rest_route=%2Fwp%2Fv2%2Fmedia&parent=8571"}],"wp:term":[{"taxonomy":"category","embeddable":true,"href":"http:\/\/archiv.szolnoktv.hu\/index.php?rest_route=%2Fwp%2Fv2%2Fcategories&post=8571"},{"taxonomy":"post_tag","embeddable":true,"href":"http:\/\/archiv.szolnoktv.hu\/index.php?rest_route=%2Fwp%2Fv2%2Ftags&post=8571"}],"curies":[{"name":"wp","href":"https:\/\/api.w.org\/{rel}","templated":true}]}}