{"id":8570,"date":"2018-03-21T17:10:53","date_gmt":"2018-03-21T17:10:53","guid":{"rendered":"http:\/\/archiv.szolnoktv.hu\/?p=8570"},"modified":"2021-08-13T20:00:48","modified_gmt":"2021-08-13T20:00:48","slug":"elindult-a-neked-munka-nekem-alom-nemzetkozi-kampany","status":"publish","type":"post","link":"http:\/\/archiv.szolnoktv.hu\/?p=8570","title":{"rendered":"Elindult a -Neked MUNKA, nekem \u00c1LOM&#8221; nemzetk\u00f6zi kamp\u00e1ny"},"content":{"rendered":"<div class='booster-block booster-read-block'><\/div><p>Testk\u00f6zelben ismerhetett meg ennek a katonai helikopternek m\u0171k\u00f6d\u00e9s\u00e9t Pint\u00e9r Erika a -Neked MUNKA, nekem \u00c1LOM&#8221; program r\u00e9sztvev\u0151je. \u00d5t ma a szolnoki helikopter b\u00e1zison fogadt\u00e1k, ahol a rep\u00fcl\u00e9s \u00e9lm\u00e9ny\u00e9t tapasztalta meg. <\/p>\n<p>-Engem mindig \u00e9rdekelt nagyon ez a rep\u00fcl\u00e9s. Pr\u00f3b\u00e1ltam elk\u00e9pzelni bel\u00fclr\u0151l egy ilyen rep\u00fcl\u0151t vagy helikoptert. B\u00e1r voltam a RepT\u00e1rban, de ott t\u00e9nyleg csak roncsok vannak \u00e9s nem teljes a k\u00e9p itt viszont igen.&#8221;- mondta Pint\u00e9r Erika.<\/p>\n<p>A helikopterek ut\u00e1n Erika egy t\u0171zolt\u00f3aut\u00f3ba is be\u00fclhetett. Az interakt\u00edv \u00e1llom\u00e1sok mind k\u00f6zel ker\u00fcltek a sz\u00edv\u00e9hez, ez\u00e9rt kedvencet nem tudott v\u00e1lasztani. <\/p>\n<p>Ez pedig m\u00e1r egy zenekari pr\u00f3ba, ahol egy m\u00e1sik \u00e1lom teljes\u00fclt a program keret\u00e9ben. Szab\u00f3 Edit kereskedelem \u00e9s marketing p\u00e1ly\u00e1n akarta kipr\u00f3b\u00e1lni mag\u00e1t, azonban a zene is k\u00f6zel \u00e1ll hozz\u00e1, ez\u00e9rt este Cozombolis P\u00e9ter \u00e9s zenekar\u00e1nak pr\u00f3b\u00e1j\u00e1ra is ell\u00e1togathatott a kamp\u00e1ny keret\u00e9ben. Szerinte a -Neked munka, nekem \u00e1lom&#8221; program seg\u00edts\u00e9g\u00e9vel a szakter\u00fcletek legizgalmasabb r\u00e9sz\u00e9t lehet megismerni.<\/p>\n<p>-Szerintem \u00edzel\u00edt\u0151t mindenf\u00e9lek\u00e9ppen fog tudni adni, arra term\u00e9szetesen nem alkalmas, hogy minden egyes v\u00e1ratlan esem\u00e9nyt vagy \u00e9ppen a v\u00e1ltozatoss\u00e1g\u00e1t szeml\u00e9ltetni tudja De arra, hogy az embernek m\u00e9g jobban felkeltse az \u00e9rdekl\u0151d\u00e9s\u00e9t vagy megtal\u00e1lja benne azokat az izgalmakat amiket \u00e9n magam keresek, ebbe a ter\u00fcletbe, arra t\u00f6k\u00e9letesen alkalmas.&#8221;- mes\u00e9lte Szab\u00f3 Edit.<\/p>\n<p>-Ez egy fantasztikus dolog. Egyr\u00e9szt ez egy nagyon nagy b\u00fcszkes\u00e9g sz\u00e1momra, hogy egy ilyen dolog r\u00e9szese lehetek, illetve \u00e9n \u00e9s a zenekarom, hogy az egyik ilyen szerepl\u0151je lehetek. Ez t\u00e9nyleg egy borzaszt\u00f3 j\u00f3 dolog, mert sok \u00e9v munk\u00e1ja benne van \u00e9s szerencse is term\u00e9szetesen.&#8221;- tette hozz\u00e1 a zenekar frontembere Cozombolis Leonid\u00e1sz P\u00e9ter.<\/p>\n<p>A nemzetk\u00f6zi kamp\u00e1nyhoz id\u00e9n a megyei Es\u00e9ly \u00e9s Szoci\u00e1lis K\u00f6zalap\u00edtv\u00e1ny j\u00f3volt\u00e1b\u00f3l m\u00e1rcius 23-ig 10 jelentkez\u0151 vesz r\u00e9szt. A jelentkez\u0151ket Szolnokon 6, J\u00e1szber\u00e9nyben pedig 4 foglalkoztat\u00f3 v\u00e1rja. Az \u00cdrorsz\u00e1gb\u00f3l indult program az es\u00e9lyegyenl\u0151s\u00e9gre h\u00edvja fel a figyelmet.<br \/>\n<br \/>\n<div style=\"width: 640px;\" class=\"wp-video\"><!--[if lt IE 9]><script>document.createElement('video');<\/script><![endif]-->\n<video class=\"wp-video-shortcode\" id=\"video-8570-1\" width=\"640\" height=\"360\" preload=\"metadata\" controls=\"controls\"><source type=\"video\/mp4\" src=\"\/spots\/hir\/hir_180321_07.mp4?_=1\" \/><a href=\"\/spots\/hir\/hir_180321_07.mp4\">\/spots\/hir\/hir_180321_07.mp4<\/a><\/video><\/div><\/p>\n","protected":false},"excerpt":{"rendered":"<p>Testk\u00f6zelben ismerhetett meg ennek a katonai helikopternek m\u0171k\u00f6d\u00e9s\u00e9t Pint\u00e9r Erika a -Neked MUNKA, nekem \u00c1LOM&#8221; program r\u00e9sztvev\u0151je. \u00d5t ma a szolnoki helikopter b\u00e1zison fogadt\u00e1k, ahol a rep\u00fcl\u00e9s \u00e9lm\u00e9ny\u00e9t tapasztalta meg. -Engem mindig \u00e9rdekelt nagyon ez a rep\u00fcl\u00e9s. Pr\u00f3b\u00e1ltam elk\u00e9pzelni bel\u00fclr\u0151l egy ilyen rep\u00fcl\u0151t vagy helikoptert. B\u00e1r voltam a RepT\u00e1rban, de ott t\u00e9nyleg csak roncsok vannak [&hellip;]<\/p>\n","protected":false},"author":2,"featured_media":0,"comment_status":"closed","ping_status":"closed","sticky":false,"template":"","format":"standard","meta":[],"categories":[9],"tags":[],"_links":{"self":[{"href":"http:\/\/archiv.szolnoktv.hu\/index.php?rest_route=\/wp\/v2\/posts\/8570"}],"collection":[{"href":"http:\/\/archiv.szolnoktv.hu\/index.php?rest_route=\/wp\/v2\/posts"}],"about":[{"href":"http:\/\/archiv.szolnoktv.hu\/index.php?rest_route=\/wp\/v2\/types\/post"}],"author":[{"embeddable":true,"href":"http:\/\/archiv.szolnoktv.hu\/index.php?rest_route=\/wp\/v2\/users\/2"}],"replies":[{"embeddable":true,"href":"http:\/\/archiv.szolnoktv.hu\/index.php?rest_route=%2Fwp%2Fv2%2Fcomments&post=8570"}],"version-history":[{"count":1,"href":"http:\/\/archiv.szolnoktv.hu\/index.php?rest_route=\/wp\/v2\/posts\/8570\/revisions"}],"predecessor-version":[{"id":8623,"href":"http:\/\/archiv.szolnoktv.hu\/index.php?rest_route=\/wp\/v2\/posts\/8570\/revisions\/8623"}],"wp:attachment":[{"href":"http:\/\/archiv.szolnoktv.hu\/index.php?rest_route=%2Fwp%2Fv2%2Fmedia&parent=8570"}],"wp:term":[{"taxonomy":"category","embeddable":true,"href":"http:\/\/archiv.szolnoktv.hu\/index.php?rest_route=%2Fwp%2Fv2%2Fcategories&post=8570"},{"taxonomy":"post_tag","embeddable":true,"href":"http:\/\/archiv.szolnoktv.hu\/index.php?rest_route=%2Fwp%2Fv2%2Ftags&post=8570"}],"curies":[{"name":"wp","href":"https:\/\/api.w.org\/{rel}","templated":true}]}}