{"id":8568,"date":"2018-03-21T15:12:29","date_gmt":"2018-03-21T15:12:29","guid":{"rendered":"http:\/\/archiv.szolnoktv.hu\/?p=8568"},"modified":"2021-08-13T20:00:49","modified_gmt":"2021-08-13T20:00:49","slug":"vedd-termeszetesen","status":"publish","type":"post","link":"http:\/\/archiv.szolnoktv.hu\/?p=8568","title":{"rendered":"V\u00e9dd term\u00e9szetesen!"},"content":{"rendered":"<div class='booster-block booster-read-block'><\/div><p>Kiemelt helyen szerepel az eg\u00e9szs\u00e9g- \u00e9s k\u00f6rnyezettudatos nevel\u00e9s a Tiszaparti R\u00f3mai Katolikus \u00c1ltal\u00e1nos Iskola \u00e9s Gimn\u00e1zium pedag\u00f3giai programj\u00e1ban. A v\u00edz vil\u00e1gnapja alkalm\u00e1b\u00f3l a Tiszamenti Region\u00e1lis V\u00edzm\u0171vekkel Zrt.-vel egy\u00fcttm\u0171k\u00f6dve el\u0151ad\u00e1sokkal \u00e9s j\u00e1t\u00e9kos feladatokkal k\u00e9sz\u00fcltek a di\u00e1koknak.<\/p>\n<p>-Nagyon \u00f6r\u00fcl\u00fcnk a Tiszamenti Region\u00e1lis V\u00edzm\u0171veknek, hogy megkerestek minket ezzel a programmal, hiszen most \u00e9ppen a v\u00edzr\u0151l besz\u00e9l\u00fcnk. A v\u00edz egy olyan kincs\u00fcnk, ami sz\u00e1munkra szinte term\u00e9szetes, hogy itt van \u00e9s rendelkez\u00e9s\u00fcnkre \u00e1ll mindig. \u00c9s tal\u00e1n \u00e9ppen ez\u00e9rt nem is gondolunk bele, hogy mennyire fontos, hogy takar\u00e9kosan b\u00e1njunk ezzel hiszen ez sem \u00e1ll v\u00e9gtelens\u00e9gig a rendelkez\u00e9s\u00fcnkre.&#8221; &#8211; felelte a Balog Zsolt, Tiszaparti R\u00f3mai Katolikus \u00c1ltal\u00e1nos Iskola \u00e9s Gimn\u00e1zium igazgat\u00f3helyettese.<\/p>\n<p>Interakt\u00edv, gondolat\u00e9breszt\u0151 j\u00e1t\u00e9kokon kereszt\u00fcl alak\u00edtj\u00e1k ki a gyerekekben a k\u00f6rnyezettudatos szeml\u00e9letm\u00f3dot. Hiszen fontos, hogy m\u00e1r eg\u00e9szen fiatalon megtanulj\u00e1k \u00f3vni k\u00f6rnyezet\u00fcket. <\/p>\n<p>-Nagyon fontosnak tartjuk az eduk\u00e1ci\u00f3t ez\u00e9rt k\u00fcl\u00f6nb\u00f6z\u0151 k\u00f6rnyezetv\u00e9delemi j\u00e1t\u00e9kokkal k\u00e9sz\u00fclt\u00fcnk, amibe a gyerekek j\u00e1t\u00e9kosan megtanulhatj\u00e1k a szelekt\u00edv hullad\u00e9kgy\u0171jt\u00e9st. Azt, hogy tudunk takar\u00e9koskodni a term\u00e9szeti er\u0151forr\u00e1sainkkal \u00e9s ezeket k\u00fcl\u00f6nb\u00f6z\u0151 sz\u00f3rakoztat\u00f3 form\u00e1ba \u00f6ntve tudj\u00e1k tulajdonk\u00e9ppen megtanulni. Sz\u00fcnetekben j\u00f6nnek az \u00f3vod\u00e1sok is illetve az iskol\u00e1sok is az eg\u00e9sz nap folyam\u00e1n tulajdonk\u00e9ppen a mai nap. Illetve az id\u00e9n el\u0151sz\u00f6r k\u00e9t napos a rendezv\u00e9ny\u00fcnk.&#8221; &#8211; mondta Gy\u0151rik Cintia a Tiszamenti Region\u00e1lis V\u00edzm\u0171vek Zrt.  kommunik\u00e1ci\u00f3s \u00e9s m\u00e9diacsoport vezet\u0151je.<\/p>\n<p>Az esem\u00e9ny alkalm\u00e1val rajzversenyt is hirdettek a gyerekeknek. A vizet, mint \u00e9letet megjelen\u00edt\u0151 rajzok az alkot\u00e1s k\u00f6zben tudatosabb\u00e1 tett\u00e9k a fiatal nemzed\u00e9ket. A rendezv\u00e9ny c\u00e9lja, hogy felh\u00edvja a figyelmet a k\u00f6rnyezettudatos \u00e9letvitelre.<br \/>\n<br \/>\n<div style=\"width: 640px;\" class=\"wp-video\"><!--[if lt IE 9]><script>document.createElement('video');<\/script><![endif]-->\n<video class=\"wp-video-shortcode\" id=\"video-8568-1\" width=\"640\" height=\"360\" preload=\"metadata\" controls=\"controls\"><source type=\"video\/mp4\" src=\"\/spots\/hir\/hir_180321_04.mp4?_=1\" \/><a href=\"\/spots\/hir\/hir_180321_04.mp4\">\/spots\/hir\/hir_180321_04.mp4<\/a><\/video><\/div><\/p>\n","protected":false},"excerpt":{"rendered":"<p>Kiemelt helyen szerepel az eg\u00e9szs\u00e9g- \u00e9s k\u00f6rnyezettudatos nevel\u00e9s a Tiszaparti R\u00f3mai Katolikus \u00c1ltal\u00e1nos Iskola \u00e9s Gimn\u00e1zium pedag\u00f3giai programj\u00e1ban. A v\u00edz vil\u00e1gnapja alkalm\u00e1b\u00f3l a Tiszamenti Region\u00e1lis V\u00edzm\u0171vekkel Zrt.-vel egy\u00fcttm\u0171k\u00f6dve el\u0151ad\u00e1sokkal \u00e9s j\u00e1t\u00e9kos feladatokkal k\u00e9sz\u00fcltek a di\u00e1koknak. -Nagyon \u00f6r\u00fcl\u00fcnk a Tiszamenti Region\u00e1lis V\u00edzm\u0171veknek, hogy megkerestek minket ezzel a programmal, hiszen most \u00e9ppen a v\u00edzr\u0151l besz\u00e9l\u00fcnk. A v\u00edz [&hellip;]<\/p>\n","protected":false},"author":2,"featured_media":0,"comment_status":"closed","ping_status":"closed","sticky":false,"template":"","format":"standard","meta":[],"categories":[9],"tags":[],"_links":{"self":[{"href":"http:\/\/archiv.szolnoktv.hu\/index.php?rest_route=\/wp\/v2\/posts\/8568"}],"collection":[{"href":"http:\/\/archiv.szolnoktv.hu\/index.php?rest_route=\/wp\/v2\/posts"}],"about":[{"href":"http:\/\/archiv.szolnoktv.hu\/index.php?rest_route=\/wp\/v2\/types\/post"}],"author":[{"embeddable":true,"href":"http:\/\/archiv.szolnoktv.hu\/index.php?rest_route=\/wp\/v2\/users\/2"}],"replies":[{"embeddable":true,"href":"http:\/\/archiv.szolnoktv.hu\/index.php?rest_route=%2Fwp%2Fv2%2Fcomments&post=8568"}],"version-history":[{"count":1,"href":"http:\/\/archiv.szolnoktv.hu\/index.php?rest_route=\/wp\/v2\/posts\/8568\/revisions"}],"predecessor-version":[{"id":8625,"href":"http:\/\/archiv.szolnoktv.hu\/index.php?rest_route=\/wp\/v2\/posts\/8568\/revisions\/8625"}],"wp:attachment":[{"href":"http:\/\/archiv.szolnoktv.hu\/index.php?rest_route=%2Fwp%2Fv2%2Fmedia&parent=8568"}],"wp:term":[{"taxonomy":"category","embeddable":true,"href":"http:\/\/archiv.szolnoktv.hu\/index.php?rest_route=%2Fwp%2Fv2%2Fcategories&post=8568"},{"taxonomy":"post_tag","embeddable":true,"href":"http:\/\/archiv.szolnoktv.hu\/index.php?rest_route=%2Fwp%2Fv2%2Ftags&post=8568"}],"curies":[{"name":"wp","href":"https:\/\/api.w.org\/{rel}","templated":true}]}}