{"id":8567,"date":"2018-03-21T15:10:21","date_gmt":"2018-03-21T15:10:21","guid":{"rendered":"http:\/\/archiv.szolnoktv.hu\/?p=8567"},"modified":"2021-08-13T20:00:49","modified_gmt":"2021-08-13T20:00:49","slug":"dr-kallai-maria-evertekeloje-a-hozam-klubban","status":"publish","type":"post","link":"http:\/\/archiv.szolnoktv.hu\/?p=8567","title":{"rendered":"Dr. K\u00e1llai M\u00e1ria \u00e9v\u00e9rt\u00e9kel\u0151je a Hozam Klubban"},"content":{"rendered":"<div class='booster-block booster-read-block'><\/div><p>\u00c1llampolg\u00e1ri elv\u00e1r\u00e1s volt az egyszer\u0171bb \u00e9s gyorsabb \u00fcgyint\u00e9z\u00e9s, ahogyan a v\u00e1llalkoz\u00e1sok terheinek \u00e9rdemi cs\u00f6kkent\u00e9se is. Az \u00e1llami rezsi  &#8211;   \u00e9s b\u00fcrokr\u00e1ciacs\u00f6kkent\u00e9snek k\u00f6sz\u00f6nhet\u0151en mindk\u00e9t c\u00e9l teljes\u00fclt  &#8211;   mondta Dr. K\u00e1llai M\u00e1ria. A megyei korm\u00e1nymegb\u00edzott \u00e9v\u00e9rt\u00e9kel\u0151j\u00e9n  a v\u00e1llalkoz\u00e1sok versenyk\u00e9pess\u00e9g\u00e9nek seg\u00edt\u00e9s\u00e9r\u0151l is besz\u00e9lt. A hivatalnak seg\u00edtenie kell a v\u00e1llalkoz\u00e1sok \u00e9let\u00e9t, m\u00e9gpedig jobban, mint m\u00e1s orsz\u00e1gokban  &#8211;   fogalmazott a vezet\u0151. <\/p>\n<p>-A megy\u00e9ben l\u00e9v\u0151 v\u00e1llalkoz\u00e1sok, a nemr\u00e9giben Minisztereln\u00f6k \u00far \u00e1ltal \u00e1tadott Thyssenkrupp, vagy a gabonafeldolgoz\u00f3 mind-mind p\u00e9lda arra, hogy kiv\u00e1l\u00f3 kapcsolatban, egy\u00fcttm\u0171k\u00f6d\u00e9sben dolgoztunk egy\u00fctt. Gyakorlatilag a hivatal nem tartotta a hat\u00e1rid\u0151ket, l\u00e9nyegesen el\u0151bb elk\u00e9sz\u00edtette az enged\u00e9lyeket \u00e9s kiadta gyakorlatilag 3-4 h\u00f3napot takar\u00edtottunk meg. Teh\u00e1t 3-4 h\u00f3nappal hamarabb  tudott elkezd\u0151dni a termel\u00e9s. &#8211;<\/p>\n<p>Sikeres a ter\u00fcleti k\u00f6zigazgat\u00e1s \u00e1talak\u00edt\u00e1sa \u00e9s moderniz\u00e1l\u00e1sa  &#8211;   folytatta a korm\u00e1nymegb\u00edzott, hozz\u00e1t\u00e9ve: legfontosabb c\u00e9l az emberk\u00f6zeli,kiv\u00e1l\u00f3 szakmai min\u0151s\u00e9g\u0171, az embereket szolg\u00e1l\u00f3 k\u00f6zigazgat\u00e1s tov\u00e1bbfejleszt\u00e9se. <\/p>\n<p>-Az elm\u00falt \u00e9vekben \u00e9p\u00fclt egy hatalmas nagy rendszer, a h\u00e1z \u00e1ll \u00e9s azok a bels\u0151 finom\u00edt\u00e1sok amely azt gondolom minden munkafolyamatn\u00e1l van.&#8221;<\/p>\n<p>A munkaer\u0151-piaci reformoknak, a gazdas\u00e1gfejleszt\u0151 programoknak valamint a minim\u00e1lb\u00e9r \u00e9rdemi emel\u00e9s\u00e9nek k\u00f6sz\u00f6nhet\u0151en n\u0151tt a foglalkoztat\u00e1s a megy\u00e9ben is -folytatta a korm\u00e1nymegb\u00edzott. Az orsz\u00e1gban 750 ezerrel t\u00f6bben dolgoznak mint 2010-ben  &#8211;   tette hozz\u00e1. A csal\u00e1dbar\u00e1t korm\u00e1nyzati politika r\u00e9v\u00e9n pedig kiemelt t\u00e1mogat\u00e1st kapnak a csal\u00e1dok. Dr. K\u00e1llai M\u00e1ria elmondta: eddig 68 ezer csal\u00e1d ig\u00e9nyelte a CSOK-ot, melynek m\u00e1rcius 15-t\u0151l egyszer\u0171bb \u00e9s gyorsabb lesz az ig\u00e9nyl\u00e9se \u00e9s m\u00e9g t\u00f6bb csal\u00e1d sz\u00e1m\u00e1ra lesz el\u00e9rhet\u0151.<br \/>\n<br \/>\n<div style=\"width: 640px;\" class=\"wp-video\"><!--[if lt IE 9]><script>document.createElement('video');<\/script><![endif]-->\n<video class=\"wp-video-shortcode\" id=\"video-8567-1\" width=\"640\" height=\"360\" preload=\"metadata\" controls=\"controls\"><source type=\"video\/mp4\" src=\"\/spots\/hir\/hir_180321_02.mp4?_=1\" \/><a href=\"\/spots\/hir\/hir_180321_02.mp4\">\/spots\/hir\/hir_180321_02.mp4<\/a><\/video><\/div><\/p>\n","protected":false},"excerpt":{"rendered":"<p>\u00c1llampolg\u00e1ri elv\u00e1r\u00e1s volt az egyszer\u0171bb \u00e9s gyorsabb \u00fcgyint\u00e9z\u00e9s, ahogyan a v\u00e1llalkoz\u00e1sok terheinek \u00e9rdemi cs\u00f6kkent\u00e9se is. Az \u00e1llami rezsi &#8211; \u00e9s b\u00fcrokr\u00e1ciacs\u00f6kkent\u00e9snek k\u00f6sz\u00f6nhet\u0151en mindk\u00e9t c\u00e9l teljes\u00fclt &#8211; mondta Dr. K\u00e1llai M\u00e1ria. A megyei korm\u00e1nymegb\u00edzott \u00e9v\u00e9rt\u00e9kel\u0151j\u00e9n a v\u00e1llalkoz\u00e1sok versenyk\u00e9pess\u00e9g\u00e9nek seg\u00edt\u00e9s\u00e9r\u0151l is besz\u00e9lt. A hivatalnak seg\u00edtenie kell a v\u00e1llalkoz\u00e1sok \u00e9let\u00e9t, m\u00e9gpedig jobban, mint m\u00e1s orsz\u00e1gokban &#8211; fogalmazott a [&hellip;]<\/p>\n","protected":false},"author":2,"featured_media":0,"comment_status":"closed","ping_status":"closed","sticky":false,"template":"","format":"standard","meta":[],"categories":[9],"tags":[],"_links":{"self":[{"href":"http:\/\/archiv.szolnoktv.hu\/index.php?rest_route=\/wp\/v2\/posts\/8567"}],"collection":[{"href":"http:\/\/archiv.szolnoktv.hu\/index.php?rest_route=\/wp\/v2\/posts"}],"about":[{"href":"http:\/\/archiv.szolnoktv.hu\/index.php?rest_route=\/wp\/v2\/types\/post"}],"author":[{"embeddable":true,"href":"http:\/\/archiv.szolnoktv.hu\/index.php?rest_route=\/wp\/v2\/users\/2"}],"replies":[{"embeddable":true,"href":"http:\/\/archiv.szolnoktv.hu\/index.php?rest_route=%2Fwp%2Fv2%2Fcomments&post=8567"}],"version-history":[{"count":1,"href":"http:\/\/archiv.szolnoktv.hu\/index.php?rest_route=\/wp\/v2\/posts\/8567\/revisions"}],"predecessor-version":[{"id":8626,"href":"http:\/\/archiv.szolnoktv.hu\/index.php?rest_route=\/wp\/v2\/posts\/8567\/revisions\/8626"}],"wp:attachment":[{"href":"http:\/\/archiv.szolnoktv.hu\/index.php?rest_route=%2Fwp%2Fv2%2Fmedia&parent=8567"}],"wp:term":[{"taxonomy":"category","embeddable":true,"href":"http:\/\/archiv.szolnoktv.hu\/index.php?rest_route=%2Fwp%2Fv2%2Fcategories&post=8567"},{"taxonomy":"post_tag","embeddable":true,"href":"http:\/\/archiv.szolnoktv.hu\/index.php?rest_route=%2Fwp%2Fv2%2Ftags&post=8567"}],"curies":[{"name":"wp","href":"https:\/\/api.w.org\/{rel}","templated":true}]}}