{"id":8536,"date":"2018-03-21T15:08:33","date_gmt":"2018-03-21T15:08:33","guid":{"rendered":"http:\/\/archiv.szolnoktv.hu\/?p=8536"},"modified":"2021-08-13T19:53:17","modified_gmt":"2021-08-13T19:53:17","slug":"munkaspart-sajtotajekoztato-5","status":"publish","type":"post","link":"http:\/\/archiv.szolnoktv.hu\/?p=8536","title":{"rendered":"Munk\u00e1sp\u00e1rt sajt\u00f3t\u00e1j\u00e9koztat\u00f3"},"content":{"rendered":"<div class='booster-block booster-read-block'><\/div><p>A f\u00f6ld nemzeti kincs, aki pedig a magyar f\u00f6ldet kij\u00e1tssza haza\u00e1rul\u00f3  &#8211;   jelentette ki Bencsik Mih\u00e1ly.  A munk\u00e1sp\u00e1rt orsz\u00e1ggy\u0171l\u00e9si k\u00e9pvisel\u0151jel\u00f6ltje p\u00e1rtja agr\u00e1rpolitikai programj\u00e1r\u00f3l tartott sajt\u00f3t\u00e1j\u00e9koztat\u00f3t. Ennek egyik legfontosabb pontja a magyar f\u00f6ld megv\u00e9d\u00e9se. <\/p>\n<p>-Meg kell hat\u00e1rozni, hogy mennyi lehet a f\u00f6ldtulajdon Magyarorsz\u00e1gon, mi \u00fagy gondoljuk, ez 300 hekt\u00e1r. A fennmarad\u00f3 f\u00f6ldeket pedig \u00e1llami kezel\u00e9sbe kell venni. &#8211;<\/p>\n<p>Az \u00e1llami k\u00e9zben l\u00e9v\u0151 f\u00f6ldeket pedig b\u00e9rbeadn\u00e1k, \u00edgy munkahelyeket teremten\u00e9nek. A vid\u00e9k eltart\u00f3 \u00e9s megtart\u00f3 k\u00e9pess\u00e9g\u00e9t a v\u00e1rosi lakoss\u00e1g szintj\u00e9re kell emelni. B\u00f6lcs\u0151d\u00e9k, \u00f3vod\u00e1k, j\u00e1rhat\u00f3 utak kellenek, szabad internet-hozz\u00e1f\u00e9r\u00e9s, t\u00f6bb m\u0171vel\u0151d\u00e9si lehet\u0151s\u00e9g, iskol\u00e1k. <\/p>\n<p>-A magyar feldolgoz\u00f3ipart vissza kellene \u00e1ll\u00edtani, az \u00e1llat\u00e1llom\u00e1nyt vissza kell hozni a 89-es szintre, hogy megfelel\u0151 szint\u0171 legyen a termel\u00e9s, magyar \u00e1ru ker\u00fclj\u00f6n a magyar piacra, ami eg\u00e9szs\u00e9ges \u00e9s itthon termelik, ehhez biztos\u00edtani kell a felv\u00e1s\u00e1rl\u00e1si h\u00e1l\u00f3zatot. &#8211;<\/p>\n<p>A mag\u00e1nk\u00e9zbe ker\u00fclt term\u00e9szeti \u00e9rt\u00e9keket, erd\u0151ket, r\u00e9teket, tavakat is \u00e1llamos\u00edtan\u00e1k  &#8211;   z\u00e1rta t\u00e1j\u00e9koztat\u00f3j\u00e1t a jel\u00f6lt. A Munk\u00e1sp\u00e1rt ma egy\u00e9bk\u00e9nt a Tan\u00e1csk\u00f6zt\u00e1rsas\u00e1g kiki\u00e1llt\u00e1s\u00e1nak 99. \u00e9vfordul\u00f3ja alkalm\u00e1b\u00f3l megkoszor\u00fazta a Kossuth t\u00e9ren tal\u00e1lhat\u00f3 V\u00f6r\u00f6s \u00fajs\u00e1g eml\u00e9kt\u00e1bl\u00e1t.<br \/>\n<br \/>\n<div style=\"width: 640px;\" class=\"wp-video\"><!--[if lt IE 9]><script>document.createElement('video');<\/script><![endif]-->\n<video class=\"wp-video-shortcode\" id=\"video-8536-1\" width=\"640\" height=\"360\" preload=\"metadata\" controls=\"controls\"><source type=\"video\/mp4\" src=\"\/spots\/hir\/hir_180321_03.mp4?_=1\" \/><a href=\"\/spots\/hir\/hir_180321_03.mp4\">\/spots\/hir\/hir_180321_03.mp4<\/a><\/video><\/div><\/p>\n","protected":false},"excerpt":{"rendered":"<p>A f\u00f6ld nemzeti kincs, aki pedig a magyar f\u00f6ldet kij\u00e1tssza haza\u00e1rul\u00f3 &#8211; jelentette ki Bencsik Mih\u00e1ly. A munk\u00e1sp\u00e1rt orsz\u00e1ggy\u0171l\u00e9si k\u00e9pvisel\u0151jel\u00f6ltje p\u00e1rtja agr\u00e1rpolitikai programj\u00e1r\u00f3l tartott sajt\u00f3t\u00e1j\u00e9koztat\u00f3t. Ennek egyik legfontosabb pontja a magyar f\u00f6ld megv\u00e9d\u00e9se. -Meg kell hat\u00e1rozni, hogy mennyi lehet a f\u00f6ldtulajdon Magyarorsz\u00e1gon, mi \u00fagy gondoljuk, ez 300 hekt\u00e1r. A fennmarad\u00f3 f\u00f6ldeket pedig \u00e1llami kezel\u00e9sbe kell [&hellip;]<\/p>\n","protected":false},"author":2,"featured_media":0,"comment_status":"closed","ping_status":"closed","sticky":false,"template":"","format":"standard","meta":[],"categories":[9],"tags":[],"_links":{"self":[{"href":"http:\/\/archiv.szolnoktv.hu\/index.php?rest_route=\/wp\/v2\/posts\/8536"}],"collection":[{"href":"http:\/\/archiv.szolnoktv.hu\/index.php?rest_route=\/wp\/v2\/posts"}],"about":[{"href":"http:\/\/archiv.szolnoktv.hu\/index.php?rest_route=\/wp\/v2\/types\/post"}],"author":[{"embeddable":true,"href":"http:\/\/archiv.szolnoktv.hu\/index.php?rest_route=\/wp\/v2\/users\/2"}],"replies":[{"embeddable":true,"href":"http:\/\/archiv.szolnoktv.hu\/index.php?rest_route=%2Fwp%2Fv2%2Fcomments&post=8536"}],"version-history":[{"count":1,"href":"http:\/\/archiv.szolnoktv.hu\/index.php?rest_route=\/wp\/v2\/posts\/8536\/revisions"}],"predecessor-version":[{"id":8537,"href":"http:\/\/archiv.szolnoktv.hu\/index.php?rest_route=\/wp\/v2\/posts\/8536\/revisions\/8537"}],"wp:attachment":[{"href":"http:\/\/archiv.szolnoktv.hu\/index.php?rest_route=%2Fwp%2Fv2%2Fmedia&parent=8536"}],"wp:term":[{"taxonomy":"category","embeddable":true,"href":"http:\/\/archiv.szolnoktv.hu\/index.php?rest_route=%2Fwp%2Fv2%2Fcategories&post=8536"},{"taxonomy":"post_tag","embeddable":true,"href":"http:\/\/archiv.szolnoktv.hu\/index.php?rest_route=%2Fwp%2Fv2%2Ftags&post=8536"}],"curies":[{"name":"wp","href":"https:\/\/api.w.org\/{rel}","templated":true}]}}