{"id":8535,"date":"2018-03-21T15:06:59","date_gmt":"2018-03-21T15:06:59","guid":{"rendered":"http:\/\/archiv.szolnoktv.hu\/?p=8535"},"modified":"2021-08-13T19:53:17","modified_gmt":"2021-08-13T19:53:17","slug":"egyutt-egy-tisztabb-jovoert-rajzpalyazat","status":"publish","type":"post","link":"http:\/\/archiv.szolnoktv.hu\/?p=8535","title":{"rendered":"-Egy\u00fctt egy tiszt\u00e1bb j\u00f6v\u0151\u00e9rt&#8221; rajzp\u00e1ly\u00e1zat"},"content":{"rendered":"<div class='booster-block booster-read-block'><\/div><p>Az \u00f3vod\u00e1s korcsoport els\u0151 helyezettje: Bord\u00e1cs Kata Korn\u00e9lia vette \u00e1t nyerem\u00e9nyker\u00e9kp\u00e1rj\u00e1t. Id\u00e9n febru\u00e1rban ugyanis a Z\u00f6ld Misszi\u00f3 Egyes\u00fclet rajzp\u00e1ly\u00e1zatot hirdetett \u00f3vod\u00e1sok \u00e9s \u00e1ltal\u00e1nos iskol\u00e1sok r\u00e9sz\u00e9re. A verseny t\u00e9m\u00e1ja: Milyennek l\u00e1tod k\u00f6rnyezet\u00fcnket? Milyennek k\u00e9pzeled el 50 \u00e9v m\u00falva? Az als\u00f3 tagozatosok k\u00f6z\u00f6tt Szarvas H\u00e9di alkot\u00e1sa, a fels\u0151 tagozatos korcsoportban pedig Dud\u00e1s Zolt\u00e1n p\u00e1lyamunk\u00e1ja nyert.<\/p>\n<p>-Nagyon szeretem a f\u00e1kat \u00e9s nem szeretn\u00e9m, hogy a k\u00f6vetkez\u0151 50 \u00e9vben m\u00e1r csak m\u0171 f\u00e1k legyenek az utc\u00e1kon.&#8221;<\/p>\n<p>A rajzversenyt a F\u00f6ldm\u0171vel\u00e9s\u00fcgyi Miniszt\u00e9rium finansz\u00edrozta.                      A ki\u00edr\u00f3 a szelekt\u00edv hullad\u00e9kgy\u0171jt\u00e9s n\u00e9pszer\u0171s\u00edt\u00e9s\u00e9t t\u0171zte z\u00e1szlaj\u00e1ra. \u00c9ppen ez\u00e9rt az NHSZ Szolnok seg\u00edts\u00e9g\u00e9vel kir\u00e1ndul\u00e1st szerveztek az \u00dajsz\u00e1szi \u00c1trak\u00f3 \u00e9s V\u00e1logat\u00f3 \u00c1llom\u00e1sra. Itt a gyermekek testk\u00f6zelb\u0151l l\u00e1thatt\u00e1k a kommun\u00e1lis \u00e9s szelekt\u00edv hullad\u00e9kok kezel\u00e9s\u00e9t.<br \/>\n<br \/>\n<div style=\"width: 640px;\" class=\"wp-video\"><!--[if lt IE 9]><script>document.createElement('video');<\/script><![endif]-->\n<video class=\"wp-video-shortcode\" id=\"video-8535-1\" width=\"640\" height=\"360\" preload=\"metadata\" controls=\"controls\"><source type=\"video\/mp4\" src=\"\/spots\/hir\/hir_180321_01.mp4?_=1\" \/><a href=\"\/spots\/hir\/hir_180321_01.mp4\">\/spots\/hir\/hir_180321_01.mp4<\/a><\/video><\/div><\/p>\n","protected":false},"excerpt":{"rendered":"<p>Az \u00f3vod\u00e1s korcsoport els\u0151 helyezettje: Bord\u00e1cs Kata Korn\u00e9lia vette \u00e1t nyerem\u00e9nyker\u00e9kp\u00e1rj\u00e1t. Id\u00e9n febru\u00e1rban ugyanis a Z\u00f6ld Misszi\u00f3 Egyes\u00fclet rajzp\u00e1ly\u00e1zatot hirdetett \u00f3vod\u00e1sok \u00e9s \u00e1ltal\u00e1nos iskol\u00e1sok r\u00e9sz\u00e9re. A verseny t\u00e9m\u00e1ja: Milyennek l\u00e1tod k\u00f6rnyezet\u00fcnket? Milyennek k\u00e9pzeled el 50 \u00e9v m\u00falva? Az als\u00f3 tagozatosok k\u00f6z\u00f6tt Szarvas H\u00e9di alkot\u00e1sa, a fels\u0151 tagozatos korcsoportban pedig Dud\u00e1s Zolt\u00e1n p\u00e1lyamunk\u00e1ja nyert. -Nagyon szeretem [&hellip;]<\/p>\n","protected":false},"author":2,"featured_media":0,"comment_status":"closed","ping_status":"closed","sticky":false,"template":"","format":"standard","meta":[],"categories":[9],"tags":[],"_links":{"self":[{"href":"http:\/\/archiv.szolnoktv.hu\/index.php?rest_route=\/wp\/v2\/posts\/8535"}],"collection":[{"href":"http:\/\/archiv.szolnoktv.hu\/index.php?rest_route=\/wp\/v2\/posts"}],"about":[{"href":"http:\/\/archiv.szolnoktv.hu\/index.php?rest_route=\/wp\/v2\/types\/post"}],"author":[{"embeddable":true,"href":"http:\/\/archiv.szolnoktv.hu\/index.php?rest_route=\/wp\/v2\/users\/2"}],"replies":[{"embeddable":true,"href":"http:\/\/archiv.szolnoktv.hu\/index.php?rest_route=%2Fwp%2Fv2%2Fcomments&post=8535"}],"version-history":[{"count":1,"href":"http:\/\/archiv.szolnoktv.hu\/index.php?rest_route=\/wp\/v2\/posts\/8535\/revisions"}],"predecessor-version":[{"id":8538,"href":"http:\/\/archiv.szolnoktv.hu\/index.php?rest_route=\/wp\/v2\/posts\/8535\/revisions\/8538"}],"wp:attachment":[{"href":"http:\/\/archiv.szolnoktv.hu\/index.php?rest_route=%2Fwp%2Fv2%2Fmedia&parent=8535"}],"wp:term":[{"taxonomy":"category","embeddable":true,"href":"http:\/\/archiv.szolnoktv.hu\/index.php?rest_route=%2Fwp%2Fv2%2Fcategories&post=8535"},{"taxonomy":"post_tag","embeddable":true,"href":"http:\/\/archiv.szolnoktv.hu\/index.php?rest_route=%2Fwp%2Fv2%2Ftags&post=8535"}],"curies":[{"name":"wp","href":"https:\/\/api.w.org\/{rel}","templated":true}]}}