{"id":8534,"date":"2018-03-20T17:59:03","date_gmt":"2018-03-20T17:59:03","guid":{"rendered":"http:\/\/archiv.szolnoktv.hu\/?p=8534"},"modified":"2021-08-13T19:53:17","modified_gmt":"2021-08-13T19:53:17","slug":"jubileumot-unnepelt-a-szolnoki-szimfonikus-zenekar","status":"publish","type":"post","link":"http:\/\/archiv.szolnoktv.hu\/?p=8534","title":{"rendered":"Jubileumot \u00fcnnepelt a Szolnoki Szimfonikus Zenekar"},"content":{"rendered":"<div class='booster-block booster-read-block'><\/div><p>Wagner Lohengrin c\u00edm\u0171 oper\u00e1j\u00e1b\u00f3l hallhattak r\u00e9szleteket azok, akik a Szolnoki Szimfonikusok rendhagy\u00f3 koncertj\u00e9t v\u00e1lasztott\u00e1k. A n\u00e9met romantika meghat\u00e1roz\u00f3 zeneszerz\u0151j\u00e9nek darabj\u00e1t Izaki Maszahiro vez\u00e9nyelte, aki 10 \u00e9ves jubileum\u00e1t \u00fcnnepelte tegnap a zenekar \u00e9l\u00e9n. A v\u00e1rosunkban elt\u00f6lt\u00f6tt \u00e9vek alatt a szimfonikus zenekar \u00f3ri\u00e1si fejl\u0151d\u00e9sen ment kereszt\u00fcl. <\/p>\n<p>-Ennek a v\u00e1rosnak a maesto olyan pluszt hozott, amire nagyon sokan, nagyon r\u00e9gen v\u00e1gytak \u00e9s nagyon sokan nem is gondolt\u00e1k, hogy \u00edgy, ilyen szintre tudunk jutni. A maestronak nagyon sok \u00e9rdeme van, de az biztos, hogy az \u00e9rdemek k\u00f6z\u00f6tt el\u00f6l szerepel, hogy a mi v\u00e1rosunkat v\u00e1lasztotta, ezt a k\u00f6z\u00f6ss\u00e9get v\u00e1lasztotta \u00e9s ezzel a k\u00f6z\u00f6ss\u00e9ggel egy olyan dolgot tesz le m\u00e1r 10 \u00e9ve az asztalra, amivel orsz\u00e1g-vil\u00e1g el\u0151tt meg\u00e1lljuk a hely\u00fcnket.&#8221;- mondta Szalay Ferenc Szolnok polg\u00e1rmestere. <\/p>\n<p>A jap\u00e1n karmester p\u00e1lyafut\u00e1sa \u00f3ta Magyarorsz\u00e1g szinte \u00f6sszes jelent\u0151s zenekar\u00e1t vez\u00e9nyelte. Dolgozott a Magyar \u00c1llami Operah\u00e1zban \u00e9s a Budapesti Operett Sz\u00ednh\u00e1zban is, de haz\u00e1j\u00e1ban is t\u00f6bb h\u00edres zenekarral dolgozott egy\u00fctt. <br \/>A m\u00e1sodik felvon\u00e1sban a k\u00f6z\u00f6ns\u00e9g az osztr\u00e1kok h\u00edres zeneszerz\u0151j\u00e9nek darabj\u00e1t hallhatta. Bruckner -Romantikus&#8221; Szimf\u00f3ni\u00e1ja a term\u00e9szetben fellehet\u0151 csod\u00e1kat mutatta be a zen\u00e9nk kereszt\u00fcl. <\/p>\n<p>-J\u00f3 hossz\u00fa m\u0171sor volt, de j\u00f3 m\u0171sor volt. K\u00f6sz\u00f6n\u00f6m sz\u00e9pen.&#8221;- ezekkel a szavakkal k\u00f6sz\u00f6nte meg az est\u00e9t Izaki Maszahiro a zenekar f\u0151zenei igazgat\u00f3ja.<\/p>\n<p>Az eltelt 10 \u00e9vet a Szolnoki Szimfonikusok f\u0151zeneigazgat\u00f3ja a k\u00f6z\u00f6ns\u00e9gnek 300 szeletes sz\u00fclet\u00e9snapi tort\u00e1j\u00e1val k\u00f6sz\u00f6nte meg.<br \/>\n<br \/>\n<div style=\"width: 640px;\" class=\"wp-video\"><!--[if lt IE 9]><script>document.createElement('video');<\/script><![endif]-->\n<video class=\"wp-video-shortcode\" id=\"video-8534-1\" width=\"640\" height=\"360\" preload=\"metadata\" controls=\"controls\"><source type=\"video\/mp4\" src=\"\/spots\/hir\/hir_180320_08.mp4?_=1\" \/><a href=\"\/spots\/hir\/hir_180320_08.mp4\">\/spots\/hir\/hir_180320_08.mp4<\/a><\/video><\/div><\/p>\n","protected":false},"excerpt":{"rendered":"<p>Wagner Lohengrin c\u00edm\u0171 oper\u00e1j\u00e1b\u00f3l hallhattak r\u00e9szleteket azok, akik a Szolnoki Szimfonikusok rendhagy\u00f3 koncertj\u00e9t v\u00e1lasztott\u00e1k. A n\u00e9met romantika meghat\u00e1roz\u00f3 zeneszerz\u0151j\u00e9nek darabj\u00e1t Izaki Maszahiro vez\u00e9nyelte, aki 10 \u00e9ves jubileum\u00e1t \u00fcnnepelte tegnap a zenekar \u00e9l\u00e9n. A v\u00e1rosunkban elt\u00f6lt\u00f6tt \u00e9vek alatt a szimfonikus zenekar \u00f3ri\u00e1si fejl\u0151d\u00e9sen ment kereszt\u00fcl. -Ennek a v\u00e1rosnak a maesto olyan pluszt hozott, amire nagyon sokan, [&hellip;]<\/p>\n","protected":false},"author":2,"featured_media":0,"comment_status":"closed","ping_status":"closed","sticky":false,"template":"","format":"standard","meta":[],"categories":[9],"tags":[],"_links":{"self":[{"href":"http:\/\/archiv.szolnoktv.hu\/index.php?rest_route=\/wp\/v2\/posts\/8534"}],"collection":[{"href":"http:\/\/archiv.szolnoktv.hu\/index.php?rest_route=\/wp\/v2\/posts"}],"about":[{"href":"http:\/\/archiv.szolnoktv.hu\/index.php?rest_route=\/wp\/v2\/types\/post"}],"author":[{"embeddable":true,"href":"http:\/\/archiv.szolnoktv.hu\/index.php?rest_route=\/wp\/v2\/users\/2"}],"replies":[{"embeddable":true,"href":"http:\/\/archiv.szolnoktv.hu\/index.php?rest_route=%2Fwp%2Fv2%2Fcomments&post=8534"}],"version-history":[{"count":1,"href":"http:\/\/archiv.szolnoktv.hu\/index.php?rest_route=\/wp\/v2\/posts\/8534\/revisions"}],"predecessor-version":[{"id":8539,"href":"http:\/\/archiv.szolnoktv.hu\/index.php?rest_route=\/wp\/v2\/posts\/8534\/revisions\/8539"}],"wp:attachment":[{"href":"http:\/\/archiv.szolnoktv.hu\/index.php?rest_route=%2Fwp%2Fv2%2Fmedia&parent=8534"}],"wp:term":[{"taxonomy":"category","embeddable":true,"href":"http:\/\/archiv.szolnoktv.hu\/index.php?rest_route=%2Fwp%2Fv2%2Fcategories&post=8534"},{"taxonomy":"post_tag","embeddable":true,"href":"http:\/\/archiv.szolnoktv.hu\/index.php?rest_route=%2Fwp%2Fv2%2Ftags&post=8534"}],"curies":[{"name":"wp","href":"https:\/\/api.w.org\/{rel}","templated":true}]}}