{"id":8533,"date":"2018-03-20T16:56:40","date_gmt":"2018-03-20T16:56:40","guid":{"rendered":"http:\/\/archiv.szolnoktv.hu\/?p=8533"},"modified":"2021-08-13T19:53:18","modified_gmt":"2021-08-13T19:53:18","slug":"birsagolt-a-valasztasi-bizottsag","status":"publish","type":"post","link":"http:\/\/archiv.szolnoktv.hu\/?p=8533","title":{"rendered":"B\u00edrs\u00e1golt a V\u00e1laszt\u00e1si Bizotts\u00e1g"},"content":{"rendered":"<div class='booster-block booster-read-block'><\/div><p>A jel\u00f6ltek, jel\u00f6l\u0151szervezetek m\u00e1rcius 5-ig gy\u0171jthett\u00e9k az indul\u00e1shoz sz\u00fcks\u00e9ges aj\u00e1nl\u00e1sokat, az \u00edveket legk\u00e9s\u0151bb ezen a napon vissza is kellett vinni\u00fck a v\u00e1laszt\u00e1si irod\u00e1kba.\u00a0 Aki elmulasztotta leadni az \u00f6sszes \u00e1tvett aj\u00e1nl\u00f3\u00edvet, a v\u00e1laszt\u00e1si bizotts\u00e1g megb\u00edrs\u00e1golja. A t\u00f6rv\u00e9ny nem tesz k\u00fcl\u00f6nbs\u00e9get, hogy az aj\u00e1nl\u00f3\u00edveket mi\u00e9rt nem vitt\u00e9k vissza. <\/p>\n<p>-A jogszab\u00e1lyi al\u00e1\u00edr\u00e1s az az, hogy ha nem hozza vissza a jel\u00f6lt vagy a jel\u00f6l\u0151szervezet az \u00edveket, akkor b\u00edrs\u00e1golni kell. A jogszab\u00e1ly azt is megmondja, hogy mennyi a b\u00edrs\u00e1g \u00f6sszege. Ez 10 ezer forintot jelent aj\u00e1nl\u00f3\u00edvenk\u00e9nt.&#8221; &#8211; mondta Dr- R\u00e1cza Andrea, jegyz\u0151. <\/p>\n<p> A bizotts\u00e1gnak m\u00e9rlegel\u00e9si joga nincs  &#8211;   tette hozz\u00e1 az aljegyz\u0151. A kiszabott b\u00edrs\u00e1gra r\u00e9szletfizet\u00e9s nem k\u00e9rhet\u0151. A JNSZ Megyei 01. sz\u00e1m\u00fa Orsz\u00e1ggy\u0171l\u00e9si Egy\u00e9ni V\u00e1laszt\u00f3ker\u00fcleti V\u00e1laszt\u00e1si Bizotts\u00e1g \u00f6sszesen 12 jel\u00f6ltet, jel\u00f6l\u0151szervezetet b\u00edrs\u00e1golt meg. <\/p>\n<p> A legkisebb b\u00fcntet\u00e9st M\u00e1ga Zolt\u00e1n, f\u00fcggetlen jel\u00f6lt kapta, neki 10 ezer forintot kell majd fizetnie. Az \u00c9lhet\u0151bb, Boldog Magyarorsz\u00e1g\u00e9rt P\u00e1rtot azonban csaknem 6 milli\u00f3 forint b\u00fcntet\u00e9s megfizet\u00e9s\u00e9re k\u00f6telezte a bizotts\u00e1g. A V\u00e1laszt\u00e1si Bizotts\u00e1g \u00fcl\u00e9seir\u0151l, d\u00f6nt\u00e9seir\u0151l a v\u00e1ros honlapj\u00e1n, a www.szolnok.hu-n olvashatnak. <\/p>\n<div style=\"width: 640px;\" class=\"wp-video\"><!--[if lt IE 9]><script>document.createElement('video');<\/script><![endif]-->\n<video class=\"wp-video-shortcode\" id=\"video-8533-1\" width=\"640\" height=\"360\" preload=\"metadata\" controls=\"controls\"><source type=\"video\/mp4\" src=\"\/spots\/hir\/hir_180320_06.mp4?_=1\" \/><a href=\"\/spots\/hir\/hir_180320_06.mp4\">\/spots\/hir\/hir_180320_06.mp4<\/a><\/video><\/div>\n","protected":false},"excerpt":{"rendered":"<p>A jel\u00f6ltek, jel\u00f6l\u0151szervezetek m\u00e1rcius 5-ig gy\u0171jthett\u00e9k az indul\u00e1shoz sz\u00fcks\u00e9ges aj\u00e1nl\u00e1sokat, az \u00edveket legk\u00e9s\u0151bb ezen a napon vissza is kellett vinni\u00fck a v\u00e1laszt\u00e1si irod\u00e1kba.\u00a0 Aki elmulasztotta leadni az \u00f6sszes \u00e1tvett aj\u00e1nl\u00f3\u00edvet, a v\u00e1laszt\u00e1si bizotts\u00e1g megb\u00edrs\u00e1golja. A t\u00f6rv\u00e9ny nem tesz k\u00fcl\u00f6nbs\u00e9get, hogy az aj\u00e1nl\u00f3\u00edveket mi\u00e9rt nem vitt\u00e9k vissza. -A jogszab\u00e1lyi al\u00e1\u00edr\u00e1s az az, hogy ha nem hozza [&hellip;]<\/p>\n","protected":false},"author":2,"featured_media":0,"comment_status":"closed","ping_status":"closed","sticky":false,"template":"","format":"standard","meta":[],"categories":[9],"tags":[],"_links":{"self":[{"href":"http:\/\/archiv.szolnoktv.hu\/index.php?rest_route=\/wp\/v2\/posts\/8533"}],"collection":[{"href":"http:\/\/archiv.szolnoktv.hu\/index.php?rest_route=\/wp\/v2\/posts"}],"about":[{"href":"http:\/\/archiv.szolnoktv.hu\/index.php?rest_route=\/wp\/v2\/types\/post"}],"author":[{"embeddable":true,"href":"http:\/\/archiv.szolnoktv.hu\/index.php?rest_route=\/wp\/v2\/users\/2"}],"replies":[{"embeddable":true,"href":"http:\/\/archiv.szolnoktv.hu\/index.php?rest_route=%2Fwp%2Fv2%2Fcomments&post=8533"}],"version-history":[{"count":1,"href":"http:\/\/archiv.szolnoktv.hu\/index.php?rest_route=\/wp\/v2\/posts\/8533\/revisions"}],"predecessor-version":[{"id":8540,"href":"http:\/\/archiv.szolnoktv.hu\/index.php?rest_route=\/wp\/v2\/posts\/8533\/revisions\/8540"}],"wp:attachment":[{"href":"http:\/\/archiv.szolnoktv.hu\/index.php?rest_route=%2Fwp%2Fv2%2Fmedia&parent=8533"}],"wp:term":[{"taxonomy":"category","embeddable":true,"href":"http:\/\/archiv.szolnoktv.hu\/index.php?rest_route=%2Fwp%2Fv2%2Fcategories&post=8533"},{"taxonomy":"post_tag","embeddable":true,"href":"http:\/\/archiv.szolnoktv.hu\/index.php?rest_route=%2Fwp%2Fv2%2Ftags&post=8533"}],"curies":[{"name":"wp","href":"https:\/\/api.w.org\/{rel}","templated":true}]}}