{"id":8532,"date":"2018-03-20T16:54:46","date_gmt":"2018-03-20T16:54:46","guid":{"rendered":"http:\/\/archiv.szolnoktv.hu\/?p=8532"},"modified":"2021-08-13T19:53:18","modified_gmt":"2021-08-13T19:53:18","slug":"sajtosok-a-reptarban","status":"publish","type":"post","link":"http:\/\/archiv.szolnoktv.hu\/?p=8532","title":{"rendered":"Sajt\u00f3sok a RepT\u00e1rban"},"content":{"rendered":"<div class='booster-block booster-read-block'><\/div><p>Eur\u00f3p\u00e1ban a gazdas\u00e1g motorjai a v\u00e1rosok. \u00c9ppen ez\u00e9rt az Eur\u00f3pai Uni\u00f3 egyik fontos c\u00e9lkit\u0171z\u00e9se a telep\u00fcl\u00e9sek fejleszt\u00e9se. Az EU GDP-j\u00e9nek 85 sz\u00e1zal\u00e9k\u00e1t v\u00e1rosokban termelik. Ezek adj\u00e1k a munkahelyek t\u00f6bb mint k\u00e9tharmad\u00e1t, valamint itt \u00e9l a lakoss\u00e1g 70 sz\u00e1zal\u00e9ka.<\/p>\n<p>-Azt is el lehet mondani, hogy a neh\u00e9zs\u00e9gek egy r\u00e9sze is a v\u00e1rosokban koncentr\u00e1l\u00f3dik, gondolok a szeg\u00e9nys\u00e9gre, ak\u00e1r hajl\u00e9ktalans\u00e1gra.&#8221; -nyilatkozta Maksi M\u00e1ty\u00e1s az Eur\u00f3pai Bizotts\u00e1g Magyarorsz\u00e1gi K\u00e9pviselt\u00e9nek sajt\u00f3attas\u00e9ja.&#8221;<\/p>\n<p> A 2,7 milli\u00e1rd forintnyi eur\u00f3pai uni\u00f3s t\u00e1mogat\u00e1sb\u00f3l l\u00e9trej\u00f6tt Szolnoki Rep\u00fcl\u0151m\u00fazeum egy kor\u00e1bban elhanyagolt v\u00e1rosr\u00e9sz felvir\u00e1goz\u00e1s\u00e1t eredm\u00e9nyezte. Nemcsak a turizmust lend\u00edtette fel, hanem munkahelyeket teremtett. A RepT\u00e1r n\u00e9pszer\u0171s\u00e9g\u00e9t egyedis\u00e9g\u00e9nek, interakt\u00edv eszk\u00f6zrendszer\u00e9nek, kiemelked\u0151 szakmai munk\u00e1j\u00e1nak \u00e9s l\u00e1togat\u00f3 k\u00f6zpont\u00fa szeml\u00e9let\u00e9nek k\u00f6sz\u00f6nheti. A m\u00fazeum v\u00e1ltozatos programjai k\u00f6z\u00f6tt mindenki tal\u00e1l kedv\u00e9re val\u00f3t. Most P\u00e9nteken  &#8211;   a tavaly \u00fatj\u00e1ra ind\u00edtott- RepT\u00e1r Est\u00e9k elnevez\u00e9s\u0171 program folytat\u00f3dik.<\/p>\n<p>-100 \u00e9ves a magyar ejt\u0151erny\u0151z\u00e9s. Ezzel a t\u00e9m\u00e1val kapcsolatosan hallgathatnak meg el\u0151ad\u00e1st, illetve a Zr\u00ednyi kiad\u00f3nak egy k\u00fcl\u00f6nleges k\u00f6nyvbemutat\u00f3ja is lesz ezen a napon 17 \u00f3r\u00e1t\u00f3l.&#8221; -nyilatkozta Marsi Gabriella, a RepT\u00e1r Szolnoki Rep\u00fcl\u0151m\u00fazeum marketing igazgat\u00f3ja.<\/p>\n<p>M\u00e1rcius 24-\u00e9n, szombaton a nagy sikerre val\u00f3 tekintettel ism\u00e9t Da Vinci Pizsamapartit rendeznek 7-13 \u00e9ves gyerekeknek. Ez este 7 \u00f3r\u00e1t\u00f3l m\u00e1snap reggel 8 \u00f3r\u00e1ig tart \u00e9s el\u0151zetes regisztr\u00e1ci\u00f3hoz k\u00f6t\u00f6tt.<br \/>25-\u00e9n vas\u00e1rnap pedig ny\u00edlt nap alkalm\u00e1b\u00f3l rep\u00fcl\u0151g\u00e9pekbe, helikopterekbe lehet bele\u00fclni kedvezm\u00e9nyes \u00e1ron. A p\u00e9nteki \u00e9s vas\u00e1rnapi programokra a bel\u00e9p\u00e9s d\u00edjtalan.<br \/>\n<br \/>\n<div style=\"width: 640px;\" class=\"wp-video\"><!--[if lt IE 9]><script>document.createElement('video');<\/script><![endif]-->\n<video class=\"wp-video-shortcode\" id=\"video-8532-1\" width=\"640\" height=\"360\" preload=\"metadata\" controls=\"controls\"><source type=\"video\/mp4\" src=\"\/spots\/hir\/hir_180320_07.mp4?_=1\" \/><a href=\"\/spots\/hir\/hir_180320_07.mp4\">\/spots\/hir\/hir_180320_07.mp4<\/a><\/video><\/div><\/p>\n","protected":false},"excerpt":{"rendered":"<p>Eur\u00f3p\u00e1ban a gazdas\u00e1g motorjai a v\u00e1rosok. \u00c9ppen ez\u00e9rt az Eur\u00f3pai Uni\u00f3 egyik fontos c\u00e9lkit\u0171z\u00e9se a telep\u00fcl\u00e9sek fejleszt\u00e9se. Az EU GDP-j\u00e9nek 85 sz\u00e1zal\u00e9k\u00e1t v\u00e1rosokban termelik. Ezek adj\u00e1k a munkahelyek t\u00f6bb mint k\u00e9tharmad\u00e1t, valamint itt \u00e9l a lakoss\u00e1g 70 sz\u00e1zal\u00e9ka. -Azt is el lehet mondani, hogy a neh\u00e9zs\u00e9gek egy r\u00e9sze is a v\u00e1rosokban koncentr\u00e1l\u00f3dik, gondolok a szeg\u00e9nys\u00e9gre, [&hellip;]<\/p>\n","protected":false},"author":2,"featured_media":0,"comment_status":"closed","ping_status":"closed","sticky":false,"template":"","format":"standard","meta":[],"categories":[9],"tags":[],"_links":{"self":[{"href":"http:\/\/archiv.szolnoktv.hu\/index.php?rest_route=\/wp\/v2\/posts\/8532"}],"collection":[{"href":"http:\/\/archiv.szolnoktv.hu\/index.php?rest_route=\/wp\/v2\/posts"}],"about":[{"href":"http:\/\/archiv.szolnoktv.hu\/index.php?rest_route=\/wp\/v2\/types\/post"}],"author":[{"embeddable":true,"href":"http:\/\/archiv.szolnoktv.hu\/index.php?rest_route=\/wp\/v2\/users\/2"}],"replies":[{"embeddable":true,"href":"http:\/\/archiv.szolnoktv.hu\/index.php?rest_route=%2Fwp%2Fv2%2Fcomments&post=8532"}],"version-history":[{"count":1,"href":"http:\/\/archiv.szolnoktv.hu\/index.php?rest_route=\/wp\/v2\/posts\/8532\/revisions"}],"predecessor-version":[{"id":8541,"href":"http:\/\/archiv.szolnoktv.hu\/index.php?rest_route=\/wp\/v2\/posts\/8532\/revisions\/8541"}],"wp:attachment":[{"href":"http:\/\/archiv.szolnoktv.hu\/index.php?rest_route=%2Fwp%2Fv2%2Fmedia&parent=8532"}],"wp:term":[{"taxonomy":"category","embeddable":true,"href":"http:\/\/archiv.szolnoktv.hu\/index.php?rest_route=%2Fwp%2Fv2%2Fcategories&post=8532"},{"taxonomy":"post_tag","embeddable":true,"href":"http:\/\/archiv.szolnoktv.hu\/index.php?rest_route=%2Fwp%2Fv2%2Ftags&post=8532"}],"curies":[{"name":"wp","href":"https:\/\/api.w.org\/{rel}","templated":true}]}}