{"id":8531,"date":"2018-03-20T16:50:46","date_gmt":"2018-03-20T16:50:46","guid":{"rendered":"http:\/\/archiv.szolnoktv.hu\/?p=8531"},"modified":"2021-08-13T19:53:18","modified_gmt":"2021-08-13T19:53:18","slug":"energy-school-talalkozo-szolnokon","status":"publish","type":"post","link":"http:\/\/archiv.szolnoktv.hu\/?p=8531","title":{"rendered":"Energy School tal\u00e1lkoz\u00f3 Szolnokon"},"content":{"rendered":"<div class='booster-block booster-read-block'><\/div><p>Kommunik\u00e1ci\u00f3s feladatokr\u00f3l, energia\u0151r\u00f6k k\u00e9pz\u00e9s\u00e9r\u0151l, okos iskol\u00e1kr\u00f3l \u00e9s egy telefonos applik\u00e1ci\u00f3r\u00f3l is sz\u00f3 volt a mai egyeztet\u00e9sen. A projekt t\u00f6bb r\u00e9szfeladatb\u00f3l \u00e1ll \u00f6ssze, melynek eredm\u00e9nyek\u00e9nt 34 iskola\u00e9p\u00fclet energetikai menedzsment rendszerrel lesz felszerelve.<\/p>\n<p>-Azokat az eszk\u00f6z\u00f6ket, m\u00f3dszereket \u00e9s m\u0171szereket a legjobb gyakorlatokat veszi \u00e1t ez a rendszer, amivel az iskol\u00e1knak a mi eset\u00fcnkben 5 iskol\u00e1nak az energiagazd\u00e1lkod\u00e1s\u00e1t tudj\u00e1k seg\u00edteni.&#8221;  &#8211;   mondta Szab\u00f3 Istv\u00e1n alpolg\u00e1rmester<\/p>\n<p>A tan\u00e1rokat \u00e9s di\u00e1kokat energiatudatoss\u00e1gra nevelik, ennek keret\u00e9ben senior \u00e9s junior energia\u0151r\u00f6ket k\u00e9peznek  &#8211;   teszik mindezt term\u00e9szetesen a szolnoki iskol\u00e1kban is. Egy apr\u00f3 figyelmess\u00e9g, p\u00e9ld\u00e1ul egy l\u00e1mpa lekapcsol\u00e1sa p\u00e1r m\u00e1sodpercet vesz ig\u00e9nybe, de hossz\u00fat\u00e1von jelent\u0151s megtakar\u00edt\u00e1s \u00e9rhet\u0151 el, ha ez a szeml\u00e9let elterjed.<\/p>\n<p>-Ez egy olyan projekt, ami kedvez\u0151 kihat\u00e1ssal lesz a szolnoki iskolai \u00e9letre. Tudniillik az iskol\u00e1k energiatakar\u00e9koss\u00e1g\u00e1t c\u00e9lozza meg a program. Ez egy K\u00f6z\u00e9p-eur\u00f3pai programcsoportba tartozik \u00e9s 7 orsz\u00e1gb\u00f3l van 12 partner, akik r\u00e9szt vesznek ebben a projektben, Magyarorsz\u00e1gon Szolnok mellett m\u00e9g \u00dajszilv\u00e1s.&#8221;  &#8211;   mondta Dr. Mari\u00e1n Mikl\u00f3s projektmenedzser.<\/p>\n<p>A mai eg\u00e9sz napos egyeztet\u00e9s ut\u00e1n holnap t\u00far\u00e1ra indulnak a r\u00e9sztvev\u0151k, ell\u00e1togatnak az \u00c9p\u00edt\u00e9szeti \u00e9s Faipari Szakk\u00f6z\u00e9piskol\u00e1ba, az Aba-Nov\u00e1k Ag\u00f3ra Kultur\u00e1lis K\u00f6zpontba az \u00fajszilv\u00e1si \u00e1ltal\u00e1nos iskol\u00e1ba \u00e9s megtekintik a telep\u00fcl\u00e9s napelem parkj\u00e1t is.<\/p>\n<div style=\"width: 640px;\" class=\"wp-video\"><!--[if lt IE 9]><script>document.createElement('video');<\/script><![endif]-->\n<video class=\"wp-video-shortcode\" id=\"video-8531-1\" width=\"640\" height=\"360\" preload=\"metadata\" controls=\"controls\"><source type=\"video\/mp4\" src=\"\/spots\/hir\/hir_180320_05.mp4?_=1\" \/><a href=\"\/spots\/hir\/hir_180320_05.mp4\">\/spots\/hir\/hir_180320_05.mp4<\/a><\/video><\/div>\n","protected":false},"excerpt":{"rendered":"<p>Kommunik\u00e1ci\u00f3s feladatokr\u00f3l, energia\u0151r\u00f6k k\u00e9pz\u00e9s\u00e9r\u0151l, okos iskol\u00e1kr\u00f3l \u00e9s egy telefonos applik\u00e1ci\u00f3r\u00f3l is sz\u00f3 volt a mai egyeztet\u00e9sen. A projekt t\u00f6bb r\u00e9szfeladatb\u00f3l \u00e1ll \u00f6ssze, melynek eredm\u00e9nyek\u00e9nt 34 iskola\u00e9p\u00fclet energetikai menedzsment rendszerrel lesz felszerelve. -Azokat az eszk\u00f6z\u00f6ket, m\u00f3dszereket \u00e9s m\u0171szereket a legjobb gyakorlatokat veszi \u00e1t ez a rendszer, amivel az iskol\u00e1knak a mi eset\u00fcnkben 5 iskol\u00e1nak az energiagazd\u00e1lkod\u00e1s\u00e1t [&hellip;]<\/p>\n","protected":false},"author":2,"featured_media":0,"comment_status":"closed","ping_status":"closed","sticky":false,"template":"","format":"standard","meta":[],"categories":[9],"tags":[],"_links":{"self":[{"href":"http:\/\/archiv.szolnoktv.hu\/index.php?rest_route=\/wp\/v2\/posts\/8531"}],"collection":[{"href":"http:\/\/archiv.szolnoktv.hu\/index.php?rest_route=\/wp\/v2\/posts"}],"about":[{"href":"http:\/\/archiv.szolnoktv.hu\/index.php?rest_route=\/wp\/v2\/types\/post"}],"author":[{"embeddable":true,"href":"http:\/\/archiv.szolnoktv.hu\/index.php?rest_route=\/wp\/v2\/users\/2"}],"replies":[{"embeddable":true,"href":"http:\/\/archiv.szolnoktv.hu\/index.php?rest_route=%2Fwp%2Fv2%2Fcomments&post=8531"}],"version-history":[{"count":1,"href":"http:\/\/archiv.szolnoktv.hu\/index.php?rest_route=\/wp\/v2\/posts\/8531\/revisions"}],"predecessor-version":[{"id":8542,"href":"http:\/\/archiv.szolnoktv.hu\/index.php?rest_route=\/wp\/v2\/posts\/8531\/revisions\/8542"}],"wp:attachment":[{"href":"http:\/\/archiv.szolnoktv.hu\/index.php?rest_route=%2Fwp%2Fv2%2Fmedia&parent=8531"}],"wp:term":[{"taxonomy":"category","embeddable":true,"href":"http:\/\/archiv.szolnoktv.hu\/index.php?rest_route=%2Fwp%2Fv2%2Fcategories&post=8531"},{"taxonomy":"post_tag","embeddable":true,"href":"http:\/\/archiv.szolnoktv.hu\/index.php?rest_route=%2Fwp%2Fv2%2Ftags&post=8531"}],"curies":[{"name":"wp","href":"https:\/\/api.w.org\/{rel}","templated":true}]}}