{"id":8530,"date":"2018-03-20T16:49:31","date_gmt":"2018-03-20T16:49:31","guid":{"rendered":"http:\/\/archiv.szolnoktv.hu\/?p=8530"},"modified":"2021-08-13T19:53:18","modified_gmt":"2021-08-13T19:53:18","slug":"biztonsagpolitikai-sajtotajekoztato","status":"publish","type":"post","link":"http:\/\/archiv.szolnoktv.hu\/?p=8530","title":{"rendered":"Biztons\u00e1gpolitikai sajt\u00f3t\u00e1j\u00e9koztat\u00f3"},"content":{"rendered":"<div class='booster-block booster-read-block'><\/div><p>2015-ben t\u00f6bb mint 9.000 migr\u00e1ns l\u00e9pte \u00e1t a hat\u00e1rt, a bev\u00e1ndorl\u00f3k jelent\u0151s r\u00e9sze pedig nem rendelkezett sem \u00fatlev\u00e9llel sem szem\u00e9lyi azonos\u00edt\u00f3val  &#8211;   mondta Georg Sp\u00f6ttle. A biztons\u00e1gpolitikai szak\u00e9rt\u0151 hozz\u00e1tette: a magyarorsz\u00e1gi hat\u00e1rz\u00e1r fel\u00e1ll\u00edt\u00e1sa ut\u00e1n 2015-ben ez a sz\u00e1m 0-ra cs\u00f6kkent.<\/p>\n<p>-\u00c9rtelemszer\u0171en, teh\u00e1t, aki \u00e9rv\u00e9nyes \u00fatlev\u00e9llel, v\u00edzummal vagy m\u00e1s szem\u00e9ly\u00e9t azonos\u00edt\u00f3 igazolv\u00e1nnyal \u00e9rkezik az bebocs\u00e1jt\u00e1st kap, mint turista, \u00fczletember vagy b\u00e1rki. Aki illeg\u00e1lisan akarja \u00e1th\u00e1gni a hat\u00e1rokat, teh\u00e1t gazdas\u00e1gi bev\u00e1ndorl\u00e1s vagy b\u0171n\u00f6z\u00e9s c\u00e9lj\u00e1b\u00f3l eljusson Eur\u00f3p\u00e1ba, de az Uni\u00f3 nyugatabbi orsz\u00e1gaiba, Skandin\u00e1via fele azt megg\u00e1toljuk.&#8221;- mondta Georg Sp\u00f6ttle biztons\u00e1gpolitikai szak\u00e9rt\u0151.<\/p>\n<p>A biztons\u00e1gpolitikai szak\u00e9rt\u0151 azt is kiemelte, hogy a hat\u00e1rz\u00e1r el\u0151tt nem lehetett k\u00fcl\u00f6nbs\u00e9get tenni a mened\u00e9kk\u00e9r\u0151k, gazdas\u00e1gi bev\u00e1ndorl\u00f3k, illetve a k\u00f6r\u00f6z\u00f6tt b\u0171n\u00f6z\u0151k k\u00f6z\u00f6tt. Az orsz\u00e1g migr\u00e1ci\u00f3s politik\u00e1j\u00e1val az Eur\u00f3pai Uni\u00f3 v\u00e9d\u0151b\u00e1sty\u00e1ja lett\u00fcnk  &#8211;   hangzott el a f\u00f3rumon.<\/p>\n<p>-Kimondottan fenyeget az illeg\u00e1lis migr\u00e1ci\u00f3 vesz\u00e9lye. Nagyon komoly \u00e9s felel\u0151s gondolkod\u00e1s, hogy mint tesz egy orsz\u00e1g \u00e1llampolg\u00e1rainak biztons\u00e1g\u00e1nak meg\u0151rz\u00e9s\u00e9\u00e9rt. Magyarorsz\u00e1g sz\u00e1m\u00e1ra megrendeltetett az a sors, hogy az \u00e1llam hat\u00e1rain t\u00fal, saj\u00e1t \u00e1llampolg\u00e1rain t\u00fal eg\u00e9sz Eur\u00f3p\u00e1t is v\u00e9dje.&#8221;- mondta Dr. K\u00e1llai M\u00e1ria orsz\u00e1ggy\u0171l\u00e9si k\u00e9pvisel\u0151jel\u00f6lt.<\/p>\n<p>Azoknak a bev\u00e1ndorl\u00f3knak, akiket vall\u00e1suk, sz\u00e1rmaz\u00e1suk, esetleg nemi identit\u00e1suk miatt \u00fcld\u00f6znek, el\u0151sz\u00f6r tranzit z\u00f3n\u00e1ba kell jelentkezni\u00fck, majd k\u00e9relm\u00fcket a korm\u00e1ny ezt k\u00f6vet\u0151en b\u00edr\u00e1lja el   &#8211;   mondta a biztons\u00e1gpolitikai szak\u00e9rt\u0151.<br \/>\n<br \/>\n<div style=\"width: 640px;\" class=\"wp-video\"><!--[if lt IE 9]><script>document.createElement('video');<\/script><![endif]-->\n<video class=\"wp-video-shortcode\" id=\"video-8530-1\" width=\"640\" height=\"360\" preload=\"metadata\" controls=\"controls\"><source type=\"video\/mp4\" src=\"\/spots\/hir\/hir_180320_04.mp4?_=1\" \/><a href=\"\/spots\/hir\/hir_180320_04.mp4\">\/spots\/hir\/hir_180320_04.mp4<\/a><\/video><\/div><\/p>\n","protected":false},"excerpt":{"rendered":"<p>2015-ben t\u00f6bb mint 9.000 migr\u00e1ns l\u00e9pte \u00e1t a hat\u00e1rt, a bev\u00e1ndorl\u00f3k jelent\u0151s r\u00e9sze pedig nem rendelkezett sem \u00fatlev\u00e9llel sem szem\u00e9lyi azonos\u00edt\u00f3val &#8211; mondta Georg Sp\u00f6ttle. A biztons\u00e1gpolitikai szak\u00e9rt\u0151 hozz\u00e1tette: a magyarorsz\u00e1gi hat\u00e1rz\u00e1r fel\u00e1ll\u00edt\u00e1sa ut\u00e1n 2015-ben ez a sz\u00e1m 0-ra cs\u00f6kkent. -\u00c9rtelemszer\u0171en, teh\u00e1t, aki \u00e9rv\u00e9nyes \u00fatlev\u00e9llel, v\u00edzummal vagy m\u00e1s szem\u00e9ly\u00e9t azonos\u00edt\u00f3 igazolv\u00e1nnyal \u00e9rkezik az bebocs\u00e1jt\u00e1st kap, [&hellip;]<\/p>\n","protected":false},"author":2,"featured_media":0,"comment_status":"closed","ping_status":"closed","sticky":false,"template":"","format":"standard","meta":[],"categories":[9],"tags":[],"_links":{"self":[{"href":"http:\/\/archiv.szolnoktv.hu\/index.php?rest_route=\/wp\/v2\/posts\/8530"}],"collection":[{"href":"http:\/\/archiv.szolnoktv.hu\/index.php?rest_route=\/wp\/v2\/posts"}],"about":[{"href":"http:\/\/archiv.szolnoktv.hu\/index.php?rest_route=\/wp\/v2\/types\/post"}],"author":[{"embeddable":true,"href":"http:\/\/archiv.szolnoktv.hu\/index.php?rest_route=\/wp\/v2\/users\/2"}],"replies":[{"embeddable":true,"href":"http:\/\/archiv.szolnoktv.hu\/index.php?rest_route=%2Fwp%2Fv2%2Fcomments&post=8530"}],"version-history":[{"count":1,"href":"http:\/\/archiv.szolnoktv.hu\/index.php?rest_route=\/wp\/v2\/posts\/8530\/revisions"}],"predecessor-version":[{"id":8543,"href":"http:\/\/archiv.szolnoktv.hu\/index.php?rest_route=\/wp\/v2\/posts\/8530\/revisions\/8543"}],"wp:attachment":[{"href":"http:\/\/archiv.szolnoktv.hu\/index.php?rest_route=%2Fwp%2Fv2%2Fmedia&parent=8530"}],"wp:term":[{"taxonomy":"category","embeddable":true,"href":"http:\/\/archiv.szolnoktv.hu\/index.php?rest_route=%2Fwp%2Fv2%2Fcategories&post=8530"},{"taxonomy":"post_tag","embeddable":true,"href":"http:\/\/archiv.szolnoktv.hu\/index.php?rest_route=%2Fwp%2Fv2%2Ftags&post=8530"}],"curies":[{"name":"wp","href":"https:\/\/api.w.org\/{rel}","templated":true}]}}