{"id":8529,"date":"2018-03-20T16:48:21","date_gmt":"2018-03-20T16:48:21","guid":{"rendered":"http:\/\/archiv.szolnoktv.hu\/?p=8529"},"modified":"2021-08-13T19:53:19","modified_gmt":"2021-08-13T19:53:19","slug":"koznevelesi-forum","status":"publish","type":"post","link":"http:\/\/archiv.szolnoktv.hu\/?p=8529","title":{"rendered":"K\u00f6znevel\u00e9si F\u00f3rum"},"content":{"rendered":"<div class='booster-block booster-read-block'><\/div><p>Voltak, akit a szakmai el\u0151ad\u00e1sok, de olyan is akadt, akit az oktat\u00e1spolitika jelenlegi helyzete \u00e9rdekelt a megyei pedag\u00f3gus szakszervezet k\u00f6znevel\u00e9si f\u00f3rum\u00e1n. A szervezet a rendezv\u00e9ny tematik\u00e1j\u00e1t a pedag\u00f3gusok ig\u00e9nyeihez igaz\u00edtotta. A t\u00e9m\u00e1k k\u00f6z\u00f6tt kiemelt szerepet kapott a di\u00e1kok magas \u00f3rasz\u00e1m\u00e1nak cs\u00f6kkent\u00e9se.<\/p>\n<p>-Olyan \u00e9sszer\u0171 \u00f3raeloszt\u00e1s kellene, ami nem megterhel\u0151 ennyire, hiszen, ha azt vessz\u00fck, hogy egy k\u00f6z\u00e9piskolai di\u00e1k a napi 8 \u00f3r\u00e1ja mellett m\u00e9g legal\u00e1bb ugyanennyit hozz\u00e1 kell, hogy tanuljon, azt gondlom, hogy a egy feln\u0151tt embernek is a dics\u0151s\u00e9g\u00e9re v\u00e1lna.&#8221;- mondta F\u00f6ldv\u00e1rin\u00e9 Jeneses Katalin a Pedag\u00f3gusok Szakszervezet\u00e9nek  J\u00e1sz-Nagykun-Szolnok megyei eln\u00f6ke.<\/p>\n<p>A di\u00e1kok tud\u00e1s\u00e1t, illetve k\u00e9pess\u00e9g\u00e9t nemzetk\u00f6zi, illetve orsz\u00e1gos m\u00e9r\u00e9sek seg\u00edts\u00e9g\u00e9vel vizsg\u00e1lj\u00e1k. A \u00e9rt\u0151 olvas tekintet\u00e9ben a statisztik\u00e1k cs\u00f6kkentek, m\u00edg a term\u00e9szettudom\u00e1nyos tesztek pozit\u00edv eredm\u00e9nyeket hoztak. <\/p>\n<p>-Nem is a f\u0151sz\u00e1mok a legfontosabbak, hanem a m\u00f6g\u00f6tte l\u00e9v\u0151 elemz\u00e9sek, hogy mi\u00e9rt is t\u00f6rt\u00e9nnek ezek az \u00fcgyek. Az l\u00e1tszik mindegyik m\u00e9r\u00e9sb\u0151l, hogy a tanul\u00e1si eredm\u00e9nyess\u00e9g f\u00fcgg a csal\u00e1di h\u00e1tt\u00e9rt\u0151l. Teh\u00e1t, hogy otthonr\u00f3l ki mit hoz, hogy mennyire fontos a tanul\u00e1s, olvas\u00e1s, tud\u00e1s szerz\u00e9s. Ahol ezt otthonr\u00f3l nem hozz\u00e1k ott rosszabb a tanul\u00e1si eredm\u00e9nyess\u00e9g. Ezt el is lehetne fogadni, de azt kell mondani, hogy meg kell n\u00e9zni, mit lehet tenni, hogy ez ne \u00edgy legyen.&#8221;- mondta dr. Palkovics L\u00e1szl\u00f3 az EMMI k\u00f6znevel\u00e9s\u00e9rt felel\u0151s \u00e1llamtitk\u00e1ra. <\/p>\n<p>Megy\u00e9nkben cs\u00f6kkent a term\u00e9szettudom\u00e1nyokat, informatik\u00e1t, angolt \u00e9s testnevel\u00e9st oktat\u00f3 szakk\u00e9pzett pedag\u00f3gusok sz\u00e1ma, ez\u00e9rt nem v\u00e9letlen, hogy az oktat\u00e1s politika legfontosabb c\u00e9lkit\u0171z\u00e9se a pedag\u00f3gus k\u00e9pz\u00e9s.<br \/>\n<br \/>\n<div style=\"width: 640px;\" class=\"wp-video\"><!--[if lt IE 9]><script>document.createElement('video');<\/script><![endif]-->\n<video class=\"wp-video-shortcode\" id=\"video-8529-1\" width=\"640\" height=\"360\" preload=\"metadata\" controls=\"controls\"><source type=\"video\/mp4\" src=\"\/spots\/hir\/hir_180320_03.mp4?_=1\" \/><a href=\"\/spots\/hir\/hir_180320_03.mp4\">\/spots\/hir\/hir_180320_03.mp4<\/a><\/video><\/div><\/p>\n","protected":false},"excerpt":{"rendered":"<p>Voltak, akit a szakmai el\u0151ad\u00e1sok, de olyan is akadt, akit az oktat\u00e1spolitika jelenlegi helyzete \u00e9rdekelt a megyei pedag\u00f3gus szakszervezet k\u00f6znevel\u00e9si f\u00f3rum\u00e1n. A szervezet a rendezv\u00e9ny tematik\u00e1j\u00e1t a pedag\u00f3gusok ig\u00e9nyeihez igaz\u00edtotta. A t\u00e9m\u00e1k k\u00f6z\u00f6tt kiemelt szerepet kapott a di\u00e1kok magas \u00f3rasz\u00e1m\u00e1nak cs\u00f6kkent\u00e9se. -Olyan \u00e9sszer\u0171 \u00f3raeloszt\u00e1s kellene, ami nem megterhel\u0151 ennyire, hiszen, ha azt vessz\u00fck, hogy egy [&hellip;]<\/p>\n","protected":false},"author":2,"featured_media":0,"comment_status":"closed","ping_status":"closed","sticky":false,"template":"","format":"standard","meta":[],"categories":[9],"tags":[],"_links":{"self":[{"href":"http:\/\/archiv.szolnoktv.hu\/index.php?rest_route=\/wp\/v2\/posts\/8529"}],"collection":[{"href":"http:\/\/archiv.szolnoktv.hu\/index.php?rest_route=\/wp\/v2\/posts"}],"about":[{"href":"http:\/\/archiv.szolnoktv.hu\/index.php?rest_route=\/wp\/v2\/types\/post"}],"author":[{"embeddable":true,"href":"http:\/\/archiv.szolnoktv.hu\/index.php?rest_route=\/wp\/v2\/users\/2"}],"replies":[{"embeddable":true,"href":"http:\/\/archiv.szolnoktv.hu\/index.php?rest_route=%2Fwp%2Fv2%2Fcomments&post=8529"}],"version-history":[{"count":1,"href":"http:\/\/archiv.szolnoktv.hu\/index.php?rest_route=\/wp\/v2\/posts\/8529\/revisions"}],"predecessor-version":[{"id":8544,"href":"http:\/\/archiv.szolnoktv.hu\/index.php?rest_route=\/wp\/v2\/posts\/8529\/revisions\/8544"}],"wp:attachment":[{"href":"http:\/\/archiv.szolnoktv.hu\/index.php?rest_route=%2Fwp%2Fv2%2Fmedia&parent=8529"}],"wp:term":[{"taxonomy":"category","embeddable":true,"href":"http:\/\/archiv.szolnoktv.hu\/index.php?rest_route=%2Fwp%2Fv2%2Fcategories&post=8529"},{"taxonomy":"post_tag","embeddable":true,"href":"http:\/\/archiv.szolnoktv.hu\/index.php?rest_route=%2Fwp%2Fv2%2Ftags&post=8529"}],"curies":[{"name":"wp","href":"https:\/\/api.w.org\/{rel}","templated":true}]}}