{"id":8528,"date":"2018-03-20T16:23:44","date_gmt":"2018-03-20T16:23:44","guid":{"rendered":"http:\/\/archiv.szolnoktv.hu\/?p=8528"},"modified":"2021-08-13T19:53:19","modified_gmt":"2021-08-13T19:53:19","slug":"extrem-idojaras","status":"publish","type":"post","link":"http:\/\/archiv.szolnoktv.hu\/?p=8528","title":{"rendered":"Extr\u00e9m id\u0151j\u00e1r\u00e1s"},"content":{"rendered":"<div class='booster-block booster-read-block'><\/div><p>Az \u00f3noses\u0151 nem csak a vas\u00faton, hanem telep\u00fcl\u00e9sek \u00e1ramell\u00e1t\u00e1s\u00e1ban is fennakad\u00e1sokat okozott, ugyanis t\u00f6bb magasfesz\u00fclts\u00e9g\u0171 k\u00e1bel is leszakadt, illetve villanyoszlopok is sz\u00e9tt\u00f6rtek a j\u00e9g s\u00falya alatt.  A Nagykuns\u00e1gban, valamint a Tiszazug \u00e9szaki ter\u00fcletein els\u0151sorban az \u00f3noses\u0151 okozott probl\u00e9m\u00e1kat, a t\u00f6bbi k\u00f6z\u00f6tt K\u00e9tp\u00f3n, \u00d6rm\u00e9nyesen, Mez\u0151h\u00e9ken \u00e9s Kuncsorb\u00e1n teljesen sz\u00fcnetelt, T\u00f6r\u00f6kszentmikl\u00f3son, Kis\u00fajsz\u00e1ll\u00e1son, Karcagon pedig r\u00e9szlegesen sz\u00fcnetelt az \u00e1ramell\u00e1t\u00e1s. Vas\u00e1rnap \u00f6sszesen 15.000 h\u00e1ztart\u00e1sban nem volt \u00e1ram a megy\u00e9ben. Az \u00e1ramszolg\u00e1ltat\u00f3 folyamatosan dolgozott a k\u00e1rok elh\u00e1r\u00edt\u00e1s\u00e1n, de a munk\u00e1t nehez\u00edtette, hogy a leszakadt vezet\u00e9keket nehezen lehetett megk\u00f6zel\u00edteni a jegesed\u00e9s, illetve az alatta fel\u00e1zott talajon.<\/p>\n<p>H\u00e9tf\u0151 reggelre t\u00f6bb helyen helyre\u00e1llt az \u00e1ramszolg\u00e1ltat\u00e1s, viszont K\u00e9tp\u00f3n, Kuncsorb\u00e1n \u00e9s \u00d6rm\u00e9nyesen tov\u00e1bbra is sz\u00fcnetelt az ell\u00e1t\u00e1s. K\u00e9tp\u00f3n a hajnali \u00f3r\u00e1kban v\u00edz \u00e9s \u00e1ram sem volt, ez\u00e9rt a legt\u00f6bb h\u00e1ztart\u00e1sban f\u0171teni sem tudtak. Ugyancsak neh\u00e9z volt a helyzet \u00d6rm\u00e9nyesen, ahol az \u00e1ramsz\u00fcnet miatt mintegy 400 h\u00e1ztart\u00e1sban nem volt f\u0171t\u00e9s, ez\u00e9rt \u00e9jjel-nappali meleged\u0151t nyitottak a telep\u00fcl\u00e9sen. A k\u00f6zs\u00e9gben a helyi p\u00e9k nem tudott kenyeret s\u00fctni, ez\u00e9rt a rendk\u00edv\u00fcli helyzetben hangosbesz\u00e9l\u0151k\u00f6n t\u00e1j\u00e9koztatt\u00e1k a lakosokat, illetve \u00f6ssze\u00edrt\u00e1k, hogy kinek mire van sz\u00fcks\u00e9ge. A helyi termel\u0151sz\u00f6vetkezet szarvasmarh\u00e1it k\u00e9zi er\u0151vel itatt\u00e1k, illetve a belv\u00edz is egyre nagyobb probl\u00e9m\u00e1t okoz a telep\u00fcl\u00e9sen, mert az \u00e1rkok tel\u00edtettek. A megy\u00e9ben utols\u00f3k\u00e9nt h\u00e9tf\u0151 este f\u00e9l 6-kor \u00d6rm\u00e9nyesen is helyre\u00e1llt az \u00e1ramszolg\u00e1ltat\u00e1s.<br \/>\n<br \/>\n<div style=\"width: 640px;\" class=\"wp-video\"><!--[if lt IE 9]><script>document.createElement('video');<\/script><![endif]-->\n<video class=\"wp-video-shortcode\" id=\"video-8528-1\" width=\"640\" height=\"360\" preload=\"metadata\" controls=\"controls\"><source type=\"video\/mp4\" src=\"\/spots\/hir\/hir_180320_02.mp4?_=1\" \/><a href=\"\/spots\/hir\/hir_180320_02.mp4\">\/spots\/hir\/hir_180320_02.mp4<\/a><\/video><\/div><\/p>\n","protected":false},"excerpt":{"rendered":"<p>Az \u00f3noses\u0151 nem csak a vas\u00faton, hanem telep\u00fcl\u00e9sek \u00e1ramell\u00e1t\u00e1s\u00e1ban is fennakad\u00e1sokat okozott, ugyanis t\u00f6bb magasfesz\u00fclts\u00e9g\u0171 k\u00e1bel is leszakadt, illetve villanyoszlopok is sz\u00e9tt\u00f6rtek a j\u00e9g s\u00falya alatt. A Nagykuns\u00e1gban, valamint a Tiszazug \u00e9szaki ter\u00fcletein els\u0151sorban az \u00f3noses\u0151 okozott probl\u00e9m\u00e1kat, a t\u00f6bbi k\u00f6z\u00f6tt K\u00e9tp\u00f3n, \u00d6rm\u00e9nyesen, Mez\u0151h\u00e9ken \u00e9s Kuncsorb\u00e1n teljesen sz\u00fcnetelt, T\u00f6r\u00f6kszentmikl\u00f3son, Kis\u00fajsz\u00e1ll\u00e1son, Karcagon pedig r\u00e9szlegesen sz\u00fcnetelt az [&hellip;]<\/p>\n","protected":false},"author":2,"featured_media":0,"comment_status":"closed","ping_status":"closed","sticky":false,"template":"","format":"standard","meta":[],"categories":[9],"tags":[],"_links":{"self":[{"href":"http:\/\/archiv.szolnoktv.hu\/index.php?rest_route=\/wp\/v2\/posts\/8528"}],"collection":[{"href":"http:\/\/archiv.szolnoktv.hu\/index.php?rest_route=\/wp\/v2\/posts"}],"about":[{"href":"http:\/\/archiv.szolnoktv.hu\/index.php?rest_route=\/wp\/v2\/types\/post"}],"author":[{"embeddable":true,"href":"http:\/\/archiv.szolnoktv.hu\/index.php?rest_route=\/wp\/v2\/users\/2"}],"replies":[{"embeddable":true,"href":"http:\/\/archiv.szolnoktv.hu\/index.php?rest_route=%2Fwp%2Fv2%2Fcomments&post=8528"}],"version-history":[{"count":1,"href":"http:\/\/archiv.szolnoktv.hu\/index.php?rest_route=\/wp\/v2\/posts\/8528\/revisions"}],"predecessor-version":[{"id":8545,"href":"http:\/\/archiv.szolnoktv.hu\/index.php?rest_route=\/wp\/v2\/posts\/8528\/revisions\/8545"}],"wp:attachment":[{"href":"http:\/\/archiv.szolnoktv.hu\/index.php?rest_route=%2Fwp%2Fv2%2Fmedia&parent=8528"}],"wp:term":[{"taxonomy":"category","embeddable":true,"href":"http:\/\/archiv.szolnoktv.hu\/index.php?rest_route=%2Fwp%2Fv2%2Fcategories&post=8528"},{"taxonomy":"post_tag","embeddable":true,"href":"http:\/\/archiv.szolnoktv.hu\/index.php?rest_route=%2Fwp%2Fv2%2Ftags&post=8528"}],"curies":[{"name":"wp","href":"https:\/\/api.w.org\/{rel}","templated":true}]}}