{"id":8527,"date":"2018-03-20T16:19:46","date_gmt":"2018-03-20T16:19:46","guid":{"rendered":"http:\/\/archiv.szolnoktv.hu\/?p=8527"},"modified":"2021-08-13T19:53:19","modified_gmt":"2021-08-13T19:53:19","slug":"viz-napja-a-hold-uti-oviban","status":"publish","type":"post","link":"http:\/\/archiv.szolnoktv.hu\/?p=8527","title":{"rendered":"V\u00edz napja a Hold \u00fati oviban"},"content":{"rendered":"<div class='booster-block booster-read-block'><\/div><p>Az ENSZ K\u00f6zgy\u0171l\u00e9se 1993-ban hat\u00e1rozott a v\u00edz vil\u00e1gnapj\u00e1r\u00f3l. A szervezet minden \u00e9v m\u00e1rcius 22-\u00e9t jel\u00f6lte ki arra, hogy felh\u00edvj\u00e1k a figyelmet a vil\u00e1g v\u00edzk\u00e9szleteinek meg\u0151rz\u00e9s\u00e9re \u00e9s fenntarthat\u00f3 haszn\u00e1lat\u00e1ra. Az idei t\u00e9rs\u00e9gi programok sor\u00e1ba els\u0151k\u00e9nt a Hold \u00fati \u00f3voda csatlakozott.<\/p>\n<p>-\u00d3vod\u00e1nkban kiemelt pedag\u00f3giai \u00e9rt\u00e9k elem a k\u00f6rnyezettudatos nevel\u00e9s. A K\u00f6z\u00e9p-Tisza Vid\u00e9ki V\u00edz\u00fcgyi-Igazgat\u00f3s\u00e1ggal egy\u00fcttm\u0171k\u00f6dve val\u00f3s\u00edtjuk meg ebben az \u00e9vben a V\u00edz Vil\u00e1gnapja rendezv\u00e9ny\u00fcnket. -nyilatkozta Orb\u00e1nn\u00e9 Szab\u00f3 Judit, a Szolnoki V\u00e1rosi \u00d3vod\u00e1k Hold \u00fati tagint\u00e9zm\u00e9ny\u00e9nek vezet\u0151je.<\/p>\n<p>A d\u00e9lel\u0151tt folyam\u00e1n a kicsik t\u00f6bbek k\u00f6z\u00f6tt l\u00e1thattak-hallhattak tanmes\u00e9t a v\u00edztakar\u00e9koss\u00e1gr\u00f3l, megismerhett\u00e9k a v\u00edz k\u00f6rforg\u00e1s\u00e1t \u00e9s tulajdons\u00e1gait. A sz\u00fcl\u0151kkel k\u00f6z\u00f6sen pedig el\u0151zetesen gy\u0171jt\u0151munk\u00e1kat k\u00e9sz\u00edtettek egy \u00fan. v\u00edzcsepp gy\u0171jt\u0151 j\u00e1t\u00e9k keret\u00e9ben.<\/p>\n<p>-A projekt megval\u00f3s\u00edt\u00e1s\u00e1ba a sz\u00fcl\u0151k nagyon jelent\u0151s szerepet v\u00e1llalnak, hiszen a csal\u00e1dok n\u00e9lk\u00fcl igaz\u00e1b\u00f3l a k\u00f6rnyezettudatos nevel\u00e9st se lehetne megval\u00f3s\u00edtani.&#8221; -mondta  a tagint\u00e9zm\u00e9ny vezet\u0151je.<\/p>\n<p>A jeles alkalom minden \u00e9vben m\u00e1s n\u00e9z\u0151pontb\u00f3l h\u00edvja fel az emberek figyelm\u00e9t a v\u00edz alapvet\u0151 szerep\u00e9re. <\/p>\n<p>Boll Perla szerint ez\u00e9rt fontos a v\u00edz:<\/p>\n<p>-H\u00e1t, hogy a n\u00f6v\u00e9nyek meg az \u00e1llatok meg az emberek \u00e9lhessenek.&#8221;<\/p>\n<p>&#8220;V\u00e9dd term\u00e9szetesen&#8221;  &#8211;   ez a V\u00edz Vil\u00e1gnap 2018-as nemzetk\u00f6zi szlogenje. Nem v\u00e9letlen\u00fcl.<\/p>\n<p>K\u00f6les Bence pedig \u00edgy v\u00e9lekedik az iv\u00f3v\u00edz jelent\u0151s\u00e9g\u00e9r\u0151l:<\/p>\n<p>-Az\u00e9rt, hogy az emberis\u00e9g \u00e9ljen. (Mi lenne, ha nem lenne v\u00edz?) Akkor nem \u00e9ln\u00e9nek az emberek.&#8221;<\/p>\n<p>A Hold \u00fati ovisok egy aj\u00e1nd\u00e9kot is kaptak a K\u00d6TIVIZIG-t\u0151l. Mostant\u00f3l egy 120 literes akv\u00e1rium \u00e9s a benne \u00faszk\u00e1l\u00f3 sok-sok hal d\u00edsz\u00edti az ovi folyos\u00f3j\u00e1t.<br \/>\n<br \/>\n<div style=\"width: 640px;\" class=\"wp-video\"><!--[if lt IE 9]><script>document.createElement('video');<\/script><![endif]-->\n<video class=\"wp-video-shortcode\" id=\"video-8527-1\" width=\"640\" height=\"360\" preload=\"metadata\" controls=\"controls\"><source type=\"video\/mp4\" src=\"\/spots\/hir\/hir_180320_01.mp4?_=1\" \/><a href=\"\/spots\/hir\/hir_180320_01.mp4\">\/spots\/hir\/hir_180320_01.mp4<\/a><\/video><\/div><\/p>\n","protected":false},"excerpt":{"rendered":"<p>Az ENSZ K\u00f6zgy\u0171l\u00e9se 1993-ban hat\u00e1rozott a v\u00edz vil\u00e1gnapj\u00e1r\u00f3l. A szervezet minden \u00e9v m\u00e1rcius 22-\u00e9t jel\u00f6lte ki arra, hogy felh\u00edvj\u00e1k a figyelmet a vil\u00e1g v\u00edzk\u00e9szleteinek meg\u0151rz\u00e9s\u00e9re \u00e9s fenntarthat\u00f3 haszn\u00e1lat\u00e1ra. Az idei t\u00e9rs\u00e9gi programok sor\u00e1ba els\u0151k\u00e9nt a Hold \u00fati \u00f3voda csatlakozott. -\u00d3vod\u00e1nkban kiemelt pedag\u00f3giai \u00e9rt\u00e9k elem a k\u00f6rnyezettudatos nevel\u00e9s. A K\u00f6z\u00e9p-Tisza Vid\u00e9ki V\u00edz\u00fcgyi-Igazgat\u00f3s\u00e1ggal egy\u00fcttm\u0171k\u00f6dve val\u00f3s\u00edtjuk meg ebben [&hellip;]<\/p>\n","protected":false},"author":2,"featured_media":0,"comment_status":"closed","ping_status":"closed","sticky":false,"template":"","format":"standard","meta":[],"categories":[9],"tags":[],"_links":{"self":[{"href":"http:\/\/archiv.szolnoktv.hu\/index.php?rest_route=\/wp\/v2\/posts\/8527"}],"collection":[{"href":"http:\/\/archiv.szolnoktv.hu\/index.php?rest_route=\/wp\/v2\/posts"}],"about":[{"href":"http:\/\/archiv.szolnoktv.hu\/index.php?rest_route=\/wp\/v2\/types\/post"}],"author":[{"embeddable":true,"href":"http:\/\/archiv.szolnoktv.hu\/index.php?rest_route=\/wp\/v2\/users\/2"}],"replies":[{"embeddable":true,"href":"http:\/\/archiv.szolnoktv.hu\/index.php?rest_route=%2Fwp%2Fv2%2Fcomments&post=8527"}],"version-history":[{"count":1,"href":"http:\/\/archiv.szolnoktv.hu\/index.php?rest_route=\/wp\/v2\/posts\/8527\/revisions"}],"predecessor-version":[{"id":8546,"href":"http:\/\/archiv.szolnoktv.hu\/index.php?rest_route=\/wp\/v2\/posts\/8527\/revisions\/8546"}],"wp:attachment":[{"href":"http:\/\/archiv.szolnoktv.hu\/index.php?rest_route=%2Fwp%2Fv2%2Fmedia&parent=8527"}],"wp:term":[{"taxonomy":"category","embeddable":true,"href":"http:\/\/archiv.szolnoktv.hu\/index.php?rest_route=%2Fwp%2Fv2%2Fcategories&post=8527"},{"taxonomy":"post_tag","embeddable":true,"href":"http:\/\/archiv.szolnoktv.hu\/index.php?rest_route=%2Fwp%2Fv2%2Ftags&post=8527"}],"curies":[{"name":"wp","href":"https:\/\/api.w.org\/{rel}","templated":true}]}}