{"id":8526,"date":"2018-03-19T19:08:58","date_gmt":"2018-03-19T19:08:58","guid":{"rendered":"http:\/\/archiv.szolnoktv.hu\/?p=8526"},"modified":"2021-08-13T19:53:19","modified_gmt":"2021-08-13T19:53:19","slug":"extrem-idojaras-jnsz-megyeben","status":"publish","type":"post","link":"http:\/\/archiv.szolnoktv.hu\/?p=8526","title":{"rendered":"Extr\u00e9m id\u0151j\u00e1r\u00e1s JNSZ megy\u00e9ben"},"content":{"rendered":"<div class='booster-block booster-read-block'><\/div><p>Els\u00f6pr\u0151 erej\u0171 -60-70 km\/h sebess\u00e9g\u0171- sz\u00e9llel, fagyott es\u0151vel, havaz\u00e1ssal \u00e9s \u00f3nos es\u0151vel \u00e9rkezett Szolnokra \u00e9s JNSZ megy\u00e9be az \u00edt\u00e9letid\u0151 szombat este. R\u00f6vid id\u0151 alatt jelent\u0151s mennyis\u00e9g\u0171 csapad\u00e9k hullott, \u00e9s a h\u0151m\u00e9rs\u00e9klet is -6, -8 fokra zuhant. Az utc\u00e1kon parkol\u00f3 j\u00e1rm\u0171vek \u00e9s az \u00fattest mintegy 30 perc alatt eljegesedett, illetve ezt k\u00f6vet\u0151en 2-3 centim\u00e9teres h\u00f3takar\u00f3 is kialakult. A megye \u00fatjain csak l\u00e9p\u00e9sben haladtak a j\u00e1rm\u0171vek az eg\u00e9sz \u00e9jszaka tov\u00e1bbra is intenz\u00edven hull\u00f3 \u00f3nos es\u0151ben \u00e9s h\u00f3ban, ennek ellen\u00e9re Abony \u00e9s Cegl\u00e9d k\u00f6z\u00f6tt a 4-es \u00faton egy szem\u00e9lyaut\u00f3-, illetve a 32-esen Pusztamonostor \u00e9s J\u00e1szber\u00e9ny k\u00f6z\u00f6tt egy teheraut\u00f3 cs\u00faszott az \u00e1rokba. <\/p>\n<p>Vas\u00e1rnap hajnalra -5, -3 fokig enyh\u00fclt a h\u0151m\u00e9rs\u00e9klet, viszont folytat\u00f3dott az intenz\u00edv havaz\u00e1s, \u00e9s jelent\u0151s mennyis\u00e9g\u0171 \u00f3noses\u0151 is esett. Az elektromos vezet\u00e9keken megfagyott v\u00edz t\u00f6bb elektromos vezet\u00e9ket is leszak\u00edtott, jelent\u0151s k\u00e9s\u00e9seket okozva a vas\u00fati forgalomban. A Budapest-Z\u00e1hony, a Budapest-Miskolc, illetve a Szolnok-Hatvan vonalakon nem voltak ritk\u00e1k a 120-180 perces k\u00e9s\u00e9sek sem. Komoly fennakad\u00e1st okozott a vas\u00fati k\u00f6zleked\u00e9sben az a nemzetk\u00f6zi szerelv\u00e9ny, amely vas\u00e1rnap reggel f\u00e9l 7 k\u00f6r\u00fcl akadt el Mez\u0151t\u00far t\u00e9rs\u00e9g\u00e9ben. A szerelv\u00e9nyen utaz\u00f3 mintegy 50 utas\u00e9rt Szolnokr\u00f3l ind\u00edtottak mentes\u00edt\u0151 j\u00e1ratot. <\/p>\n<p>Az \u00f3noses\u0151 nem csak a vas\u00faton, hanem t\u00f6bb telep\u00fcl\u00e9s \u00e1ramell\u00e1t\u00e1s\u00e1ban is fennakad\u00e1sokat okozott, ugyanis t\u00f6bb magasfesz\u00fclts\u00e9g\u0171 k\u00e1bel is leszakadt, illetve t\u00f6bb villanyoszlop is sz\u00e9tt\u00f6rt a j\u00e9g s\u00falya alatt.  a Nagykuns\u00e1gban, valamint a Tiszazug \u00e9szaki ter\u00fcletein els\u0151sorban az \u00f3noses\u0151 okozott probl\u00e9m\u00e1kat, a t\u00f6bbi k\u00f6z\u00f6tt K\u00e9tp\u00f3n, \u00d6rm\u00e9nyesen, Mez\u0151h\u00e9ken \u00e9s Kuncsorb\u00e1n teljesen sz\u00fcnetelt, T\u00f6r\u00f6kszentmikl\u00f3son, Kis\u00fajsz\u00e1ll\u00e1son, Karcagon pedig r\u00e9szlegesen sz\u00fcnetelt az \u00e1ramell\u00e1t\u00e1s. Vas\u00e1rnap \u00f6sszesen 15.000 h\u00e1ztart\u00e1sban nem volt \u00e1ram JNSZ megy\u00e9ben. Az \u00e1ramszolg\u00e1ltat\u00f3 folyamatosan dolgozott a k\u00e1rok elh\u00e1r\u00ed t\u00e1s\u00e1n, de a munk\u00e1t nehez\u00edtette, hogy a leszakadt vezet\u00e9keket nehezen lehetett megk\u00f6zel\u00edteni a jegesed\u00e9s, illetve az az alatt fel\u00e1zott talajon. <\/p>\n<p>H\u00e9tf\u0151 reggelre t\u00f6bb helyen helyre\u00e1llta az \u00e1ramszolg\u00e1ltat\u00e1s, viszont K\u00e9tp\u00f3n, Kuncsorb\u00e1n \u00e9s \u00d6rm\u00e9nyesen tov\u00e1bbra is sz\u00fcnetelt az ell\u00e1t\u00e1s. K\u00e9tp\u00f3n a hajnali \u00f3r\u00e1kban v\u00edz \u00e9s \u00e1ram sem volt, ez\u00e9rt a legt\u00f6bb h\u00e1ztart\u00e1sban f\u0171t\u00e9s sem volt. Ugyancsak neh\u00e9z volt a helyzet \u00d6rm\u00e9nyesen, ahol az \u00e1ramsz\u00fcnet miatt mintegy 400 h\u00e1ztart\u00e1sban nem volt f\u0171t\u00e9s, ez\u00e9rt \u00e9jjel nappali meleged\u0151t nyitottak a telep\u00fcl\u00e9sen. A k\u00f6zs\u00e9gben a helyi p\u00e9k sem tudott kenyeret s\u00fctni, ez\u00e9rt a rendk\u00edv\u00fcli helyzetben hangosbesz\u00e9l\u0151k\u00f6n t\u00e1j\u00e9koztatt\u00e1k a lakosokat, illetve \u00f6ssze\u00edrt\u00e1k, hogy kinek mire van sz\u00fcks\u00e9ge. A helyi termel\u0151sz\u00f6vetkezet szarvasmarh\u00e1it k\u00e9zi er\u0151vel itatt\u00e1k, illetve a belv\u00edz is egyre nagyobb probl\u00e9m\u00e1t okoz a telep\u00fcl\u00e9sen, mert az \u00e1rkok tel\u00edtettek, viszont \u00e1ram hi\u00e1ny\u00e1ban a szivatty\u00fak nem m\u0171k\u00f6dnek.<br \/>\n<br \/>\n<div style=\"width: 640px;\" class=\"wp-video\"><!--[if lt IE 9]><script>document.createElement('video');<\/script><![endif]-->\n<video class=\"wp-video-shortcode\" id=\"video-8526-1\" width=\"640\" height=\"360\" preload=\"metadata\" controls=\"controls\"><source type=\"video\/mp4\" src=\"\/spots\/hir\/hir_180319_08.mp4?_=1\" \/><a href=\"\/spots\/hir\/hir_180319_08.mp4\">\/spots\/hir\/hir_180319_08.mp4<\/a><\/video><\/div><\/p>\n","protected":false},"excerpt":{"rendered":"<p>Els\u00f6pr\u0151 erej\u0171 -60-70 km\/h sebess\u00e9g\u0171- sz\u00e9llel, fagyott es\u0151vel, havaz\u00e1ssal \u00e9s \u00f3nos es\u0151vel \u00e9rkezett Szolnokra \u00e9s JNSZ megy\u00e9be az \u00edt\u00e9letid\u0151 szombat este. R\u00f6vid id\u0151 alatt jelent\u0151s mennyis\u00e9g\u0171 csapad\u00e9k hullott, \u00e9s a h\u0151m\u00e9rs\u00e9klet is -6, -8 fokra zuhant. Az utc\u00e1kon parkol\u00f3 j\u00e1rm\u0171vek \u00e9s az \u00fattest mintegy 30 perc alatt eljegesedett, illetve ezt k\u00f6vet\u0151en 2-3 centim\u00e9teres h\u00f3takar\u00f3 is [&hellip;]<\/p>\n","protected":false},"author":2,"featured_media":0,"comment_status":"closed","ping_status":"closed","sticky":false,"template":"","format":"standard","meta":[],"categories":[9],"tags":[],"_links":{"self":[{"href":"http:\/\/archiv.szolnoktv.hu\/index.php?rest_route=\/wp\/v2\/posts\/8526"}],"collection":[{"href":"http:\/\/archiv.szolnoktv.hu\/index.php?rest_route=\/wp\/v2\/posts"}],"about":[{"href":"http:\/\/archiv.szolnoktv.hu\/index.php?rest_route=\/wp\/v2\/types\/post"}],"author":[{"embeddable":true,"href":"http:\/\/archiv.szolnoktv.hu\/index.php?rest_route=\/wp\/v2\/users\/2"}],"replies":[{"embeddable":true,"href":"http:\/\/archiv.szolnoktv.hu\/index.php?rest_route=%2Fwp%2Fv2%2Fcomments&post=8526"}],"version-history":[{"count":1,"href":"http:\/\/archiv.szolnoktv.hu\/index.php?rest_route=\/wp\/v2\/posts\/8526\/revisions"}],"predecessor-version":[{"id":8547,"href":"http:\/\/archiv.szolnoktv.hu\/index.php?rest_route=\/wp\/v2\/posts\/8526\/revisions\/8547"}],"wp:attachment":[{"href":"http:\/\/archiv.szolnoktv.hu\/index.php?rest_route=%2Fwp%2Fv2%2Fmedia&parent=8526"}],"wp:term":[{"taxonomy":"category","embeddable":true,"href":"http:\/\/archiv.szolnoktv.hu\/index.php?rest_route=%2Fwp%2Fv2%2Fcategories&post=8526"},{"taxonomy":"post_tag","embeddable":true,"href":"http:\/\/archiv.szolnoktv.hu\/index.php?rest_route=%2Fwp%2Fv2%2Ftags&post=8526"}],"curies":[{"name":"wp","href":"https:\/\/api.w.org\/{rel}","templated":true}]}}