{"id":8525,"date":"2018-03-19T17:54:46","date_gmt":"2018-03-19T17:54:46","guid":{"rendered":"http:\/\/archiv.szolnoktv.hu\/?p=8525"},"modified":"2021-08-13T19:53:19","modified_gmt":"2021-08-13T19:53:19","slug":"500-meter-kolbaszt-sutottek","status":"publish","type":"post","link":"http:\/\/archiv.szolnoktv.hu\/?p=8525","title":{"rendered":"500 m\u00e9ter kolb\u00e1szt s\u00fct\u00f6ttek"},"content":{"rendered":"<div class='booster-block booster-read-block'><\/div><p>60 sert\u00e9sb\u0151l k\u00e9sz\u00fcltek a k\u00fcl\u00f6nf\u00e9le toros \u00e9telek az orsz\u00e1g legnagyobb diszn\u00f3v\u00e1g\u00e1san szombaton, Ab\u00e1dszal\u00f3kon. A Tiszatoron m\u00e1r reggel 6 \u00f3rakkor 23 sert\u00e9st v\u00e1gtak le a b\u00f6ll\u00e9rek, amelyekb\u0151l frissens\u00fcltek, kolb\u00e1szok, hurk\u00e1k, hagym\u00e1sv\u00e9r \u00e9s toros-k\u00e1poszta k\u00e9sz\u00fclt. Emellett egy \u00f6kr\u00f6t, \u00e9s t\u00f6bb malacot is ny\u00e1rsra h\u00faztak, illetve a fesztiv\u00e1l t\u00f6rt\u00e9net\u00e9ben els\u0151 alkalommal 500 m\u00e9ter kolb\u00e1szt s\u00fct\u00f6ttek meg egyben. A rendezv\u00e9nyen a hat\u00e1ron t\u00fali ter\u00fcletek \u00edzei is bemutatkoztak, a t\u00f6bbi k\u00f6z\u00f6tt Erd\u00e9lyb\u0151l, Felvid\u00e9kr\u0151l, D\u00e9lvid\u00e9kr\u0151l \u00e9s Lengyelorsz\u00e1gb\u00f3l is neveztek csapatok a b\u00f6ll\u00e9rversenyre.  Magyarorsz\u00e1gon az egyik legfontosabb fogyaszt\u00e1si cikk a sert\u00e9sh\u00fas, ez\u00e9rt az els\u0151k k\u00f6z\u00f6tt cs\u00f6kkentette a korm\u00e1ny 5 sz\u00e1zal\u00e9kra a t\u0151keh\u00fas \u00c1F\u00c1-j\u00e1t  &#8211;   mondta a f\u00f6ldm\u0171vel\u00e9s\u00fcgyi miniszter. Fazekas S\u00e1ndor az ab\u00e1dszal\u00f3ki b\u00f6ll\u00e9rfesztiv\u00e1lon \u00fagy fogalmazott: a sert\u00e9st \u00e9rint\u0151 \u00c1FA-cs\u00f6kkent\u00e9sek folytat\u00f3dtak, 2018. janu\u00e1r 1-t\u0151l m\u00e1r a sert\u00e9s bels\u0151s\u00e9gek forgalmi ad\u00f3j\u00e1t is 5 sz\u00e1zal\u00e9kra m\u00e9rs\u00e9kelte a kabinet. Ezekkel az int\u00e9zked\u00e9sekkel sz\u00e9lesebb k\u00f6rben v\u00e1lt el\u00e9rhet\u0151v\u00e9 a sert\u00e9sh\u00fas \u00e9s a sert\u00e9sk\u00e9sz\u00edtm\u00e9nyek is, ez\u00e9rt n\u00f6vekedett a hazai fogyaszt\u00e1s 2,2 kilogrammal \u00e9vente mintegy 22-25 kilogrammra.<br \/>\n<br \/>\n<div style=\"width: 640px;\" class=\"wp-video\"><!--[if lt IE 9]><script>document.createElement('video');<\/script><![endif]-->\n<video class=\"wp-video-shortcode\" id=\"video-8525-1\" width=\"640\" height=\"360\" preload=\"metadata\" controls=\"controls\"><source type=\"video\/mp4\" src=\"\/spots\/hir\/hir_180319_07.mp4?_=1\" \/><a href=\"\/spots\/hir\/hir_180319_07.mp4\">\/spots\/hir\/hir_180319_07.mp4<\/a><\/video><\/div><\/p>\n","protected":false},"excerpt":{"rendered":"<p>60 sert\u00e9sb\u0151l k\u00e9sz\u00fcltek a k\u00fcl\u00f6nf\u00e9le toros \u00e9telek az orsz\u00e1g legnagyobb diszn\u00f3v\u00e1g\u00e1san szombaton, Ab\u00e1dszal\u00f3kon. A Tiszatoron m\u00e1r reggel 6 \u00f3rakkor 23 sert\u00e9st v\u00e1gtak le a b\u00f6ll\u00e9rek, amelyekb\u0151l frissens\u00fcltek, kolb\u00e1szok, hurk\u00e1k, hagym\u00e1sv\u00e9r \u00e9s toros-k\u00e1poszta k\u00e9sz\u00fclt. Emellett egy \u00f6kr\u00f6t, \u00e9s t\u00f6bb malacot is ny\u00e1rsra h\u00faztak, illetve a fesztiv\u00e1l t\u00f6rt\u00e9net\u00e9ben els\u0151 alkalommal 500 m\u00e9ter kolb\u00e1szt s\u00fct\u00f6ttek meg egyben. A [&hellip;]<\/p>\n","protected":false},"author":2,"featured_media":0,"comment_status":"closed","ping_status":"closed","sticky":false,"template":"","format":"standard","meta":[],"categories":[9],"tags":[],"_links":{"self":[{"href":"http:\/\/archiv.szolnoktv.hu\/index.php?rest_route=\/wp\/v2\/posts\/8525"}],"collection":[{"href":"http:\/\/archiv.szolnoktv.hu\/index.php?rest_route=\/wp\/v2\/posts"}],"about":[{"href":"http:\/\/archiv.szolnoktv.hu\/index.php?rest_route=\/wp\/v2\/types\/post"}],"author":[{"embeddable":true,"href":"http:\/\/archiv.szolnoktv.hu\/index.php?rest_route=\/wp\/v2\/users\/2"}],"replies":[{"embeddable":true,"href":"http:\/\/archiv.szolnoktv.hu\/index.php?rest_route=%2Fwp%2Fv2%2Fcomments&post=8525"}],"version-history":[{"count":1,"href":"http:\/\/archiv.szolnoktv.hu\/index.php?rest_route=\/wp\/v2\/posts\/8525\/revisions"}],"predecessor-version":[{"id":8548,"href":"http:\/\/archiv.szolnoktv.hu\/index.php?rest_route=\/wp\/v2\/posts\/8525\/revisions\/8548"}],"wp:attachment":[{"href":"http:\/\/archiv.szolnoktv.hu\/index.php?rest_route=%2Fwp%2Fv2%2Fmedia&parent=8525"}],"wp:term":[{"taxonomy":"category","embeddable":true,"href":"http:\/\/archiv.szolnoktv.hu\/index.php?rest_route=%2Fwp%2Fv2%2Fcategories&post=8525"},{"taxonomy":"post_tag","embeddable":true,"href":"http:\/\/archiv.szolnoktv.hu\/index.php?rest_route=%2Fwp%2Fv2%2Ftags&post=8525"}],"curies":[{"name":"wp","href":"https:\/\/api.w.org\/{rel}","templated":true}]}}