{"id":8524,"date":"2018-03-19T17:51:57","date_gmt":"2018-03-19T17:51:57","guid":{"rendered":"http:\/\/archiv.szolnoktv.hu\/?p=8524"},"modified":"2021-08-13T19:53:19","modified_gmt":"2021-08-13T19:53:19","slug":"rendkivuli-idojaras","status":"publish","type":"post","link":"http:\/\/archiv.szolnoktv.hu\/?p=8524","title":{"rendered":"Rendk\u00edv\u00fcli id\u0151j\u00e1r\u00e1s"},"content":{"rendered":"<div class='booster-block booster-read-block'><\/div><p>Az elm\u00falt k\u00e9t nap m\u00ednuszait \u00e9s az \u00f3nos, havas csapad\u00e9kot nem csak az aut\u00f3k, az aut\u00f3utak, de a vas\u00fatvonalak is megs\u00ednylett\u00e9k. Tegnap az \u00fajsz\u00e1szi vonalon, majd az abonyin t\u00f6rt\u00e9nt fels\u0151 vezet\u00e9k szakad\u00e1s. A vezet\u00e9kekre r\u00e1fagyott \u00f3nos es\u0151 s\u00faly\u00e1t nem b\u00edrt\u00e1k a k\u00e1belek. A v\u00e1lt\u00f3kat folyamatosan f\u0171tik \u00e9s tiszt\u00edtj\u00e1k. A vonatok legfeljebb 10-20 perces k\u00e9s\u00e9ssel \u00e9rkeznek a szolnoki vas\u00fat\u00e1llom\u00e1sra. Napok \u00f3ta m\u00e1r reggel 7 \u00f3rakor kezdi az a 40 ember a munk\u00e1t, akiknek a j\u00e1rd\u00e1k \u00e9s a gyalog\u00e1tkel\u0151helyek s\u00edkos\u00edt\u00e1smentes\u00edt\u00e9se a feladata. A Munkalehet\u0151s\u00e9g a J\u00f6v\u0151\u00e9rt Kft. munkat\u00e1rsai a v\u00e1ros sz\u00e1mos pontj\u00e1n v\u00e9gzik a k\u00f6zter\u00fcletek tiszt\u00edt\u00e1s\u00e1t.<\/p>\n<p>-A Sz\u00e9chenyi Lak\u00f3telepen, A Jubileum t\u00e9ren a vas\u00fat\u00e1llom\u00e1s k\u00f6rny\u00e9k\u00e9n, a belv\u00e1rosban, Szandasz\u0151l\u0151s\u00f6n, a Pletykafaluban, a 442-es ment\u00e9n a  &#8211;   a Kertv\u00e1ros ment\u00e9n  &#8211;   nem a Kertv\u00e1rosban, hanem a Kertv\u00e1ros mellett- illetve m\u00e9g k\u00fcls\u0151 ter\u00fcletek is, a buszmeg\u00e1ll\u00f3kn\u00e1l \u00e9s a zebr\u00e1kn\u00e1l a mi embereink dolgoznak.&#8221; -nyilatkozta Fodor Gy\u00f6rgy, a -Munkalehet\u0151s\u00e9g a J\u00f6v\u0151\u00e9rt&#8221; Szolnok Nonprofit \u00e9s K\u00f6zhaszn\u00fa Kft. \u00fcgyvezet\u0151 igazgat\u00f3ja.<\/p>\n<p>\u00c1tlagosan 50 ember dolgozott \u00e9jjel-nappal azon, hogy az utak j\u00e1rhat\u00f3ak legyenek Szolnok t\u00e9rs\u00e9g\u00e9ben- tudtuk meg Lits L\u00e1szl\u00f3t\u00f3l, az NHSZ Szolnok K\u00f6zszolg\u00e1ltat\u00f3 Nonprofit Kft. \u00fcgyvezet\u0151 igazgat\u00f3j\u00e1t\u00f3l.<\/p>\n<p>-Szombat d\u00e9lut\u00e1n kezd\u0151d\u00f6tt az \u00f3nos es\u0151 \u00e9s a havaz\u00e1s. Egy intenz\u00edv, neh\u00e9z id\u0151szak j\u00f6tt a t\u00e1rsas\u00e1g \u00e9let\u00e9be. L\u00e9nyeg\u00e9be szombat est\u00e9t\u0151l ma reggelig folyamatos volt a t\u00e1rsas\u00e1gn\u00e1l a munkav\u00e9gz\u00e9s. Mind megjelentek az utakon a nagy teljes\u00edtm\u00e9ny\u0171 h\u00f3kotr\u00f3k, illetve a k\u00e9zi h\u00f3tiszt\u00edt\u00e1s is folyamatosan ment, mind szombat este \u00e9s vas\u00e1rnap este is.&#8221;<\/p>\n<p>A k\u00f6vetkez\u0151 napokban is t\u00f6bbfel\u00e9 v\u00e1rhat\u00f3 havaz\u00e1s \u00e9s m\u00ednusz 10 fok k\u00f6r\u00fcli hideg. A h\u00e9t m\u00e1sodik fel\u00e9ben azonban napk\u00f6zben m\u00e1r plusz 10 Celsius fok k\u00f6r\u00fcli maximumra is sz\u00e1m\u00edthatunk  &#8211;   der\u00fclt ki az Orsz\u00e1gos Meteorol\u00f3giai Szolg\u00e1lat orsz\u00e1gos, k\u00f6z\u00e9pt\u00e1v\u00fa el\u0151rejelz\u00e9s\u00e9b\u0151l.<br \/>\n<br \/>\n<div style=\"width: 640px;\" class=\"wp-video\"><!--[if lt IE 9]><script>document.createElement('video');<\/script><![endif]-->\n<video class=\"wp-video-shortcode\" id=\"video-8524-1\" width=\"640\" height=\"360\" preload=\"metadata\" controls=\"controls\"><source type=\"video\/mp4\" src=\"\/spots\/hir\/hir_180319_06.mp4?_=1\" \/><a href=\"\/spots\/hir\/hir_180319_06.mp4\">\/spots\/hir\/hir_180319_06.mp4<\/a><\/video><\/div><\/p>\n","protected":false},"excerpt":{"rendered":"<p>Az elm\u00falt k\u00e9t nap m\u00ednuszait \u00e9s az \u00f3nos, havas csapad\u00e9kot nem csak az aut\u00f3k, az aut\u00f3utak, de a vas\u00fatvonalak is megs\u00ednylett\u00e9k. Tegnap az \u00fajsz\u00e1szi vonalon, majd az abonyin t\u00f6rt\u00e9nt fels\u0151 vezet\u00e9k szakad\u00e1s. A vezet\u00e9kekre r\u00e1fagyott \u00f3nos es\u0151 s\u00faly\u00e1t nem b\u00edrt\u00e1k a k\u00e1belek. A v\u00e1lt\u00f3kat folyamatosan f\u0171tik \u00e9s tiszt\u00edtj\u00e1k. A vonatok legfeljebb 10-20 perces k\u00e9s\u00e9ssel \u00e9rkeznek [&hellip;]<\/p>\n","protected":false},"author":2,"featured_media":0,"comment_status":"closed","ping_status":"closed","sticky":false,"template":"","format":"standard","meta":[],"categories":[9],"tags":[],"_links":{"self":[{"href":"http:\/\/archiv.szolnoktv.hu\/index.php?rest_route=\/wp\/v2\/posts\/8524"}],"collection":[{"href":"http:\/\/archiv.szolnoktv.hu\/index.php?rest_route=\/wp\/v2\/posts"}],"about":[{"href":"http:\/\/archiv.szolnoktv.hu\/index.php?rest_route=\/wp\/v2\/types\/post"}],"author":[{"embeddable":true,"href":"http:\/\/archiv.szolnoktv.hu\/index.php?rest_route=\/wp\/v2\/users\/2"}],"replies":[{"embeddable":true,"href":"http:\/\/archiv.szolnoktv.hu\/index.php?rest_route=%2Fwp%2Fv2%2Fcomments&post=8524"}],"version-history":[{"count":1,"href":"http:\/\/archiv.szolnoktv.hu\/index.php?rest_route=\/wp\/v2\/posts\/8524\/revisions"}],"predecessor-version":[{"id":8549,"href":"http:\/\/archiv.szolnoktv.hu\/index.php?rest_route=\/wp\/v2\/posts\/8524\/revisions\/8549"}],"wp:attachment":[{"href":"http:\/\/archiv.szolnoktv.hu\/index.php?rest_route=%2Fwp%2Fv2%2Fmedia&parent=8524"}],"wp:term":[{"taxonomy":"category","embeddable":true,"href":"http:\/\/archiv.szolnoktv.hu\/index.php?rest_route=%2Fwp%2Fv2%2Fcategories&post=8524"},{"taxonomy":"post_tag","embeddable":true,"href":"http:\/\/archiv.szolnoktv.hu\/index.php?rest_route=%2Fwp%2Fv2%2Ftags&post=8524"}],"curies":[{"name":"wp","href":"https:\/\/api.w.org\/{rel}","templated":true}]}}