{"id":8523,"date":"2018-03-19T16:59:10","date_gmt":"2018-03-19T16:59:10","guid":{"rendered":"http:\/\/archiv.szolnoktv.hu\/?p=8523"},"modified":"2021-08-13T19:53:20","modified_gmt":"2021-08-13T19:53:20","slug":"neked-munka-nekem-alom-4","status":"publish","type":"post","link":"http:\/\/archiv.szolnoktv.hu\/?p=8523","title":{"rendered":"-Neked MUNKA, nekem \u00c1lom&#8221;"},"content":{"rendered":"<div class='booster-block booster-read-block'><\/div><p>Volt, aki sportszerkeszt\u0151k mindennapjait, de olyan is akadt, aki a mozik \u00e9s a sz\u00edn\u00e9szek vil\u00e1g\u00e1t ismerhett\u00e9k meg tavaly, a -Neked munak, nekem \u00c1LOM&#8221; elnevez\u00e9s\u0171 nemzetk\u00f6zi program keret\u00e9ben. A kamp\u00e1nyhoz megy\u00e9nk ebben az \u00e9vben is csatlakozott. A r\u00e9sztvev\u0151ket Szolnokon 6, J\u00e1szber\u00e9nyben pedig 4 foglalkoztat\u00f3 v\u00e1rja.<\/p>\n<p>&#8220;Nagyon szeretn\u00e9m, hogy ebben a programban, ezen a napon olyan professzion\u00e1lis tan\u00e1csot tudn\u00e9k megszerezni, amit a k\u00e9s\u0151bbiekben tudok haszn\u00e1lni ak\u00e1r mint mag\u00e1nember, ak\u00e1r mint szervezett vezet\u0151.&#8221;- monda Feh\u00e9rv\u00e1ri T\u00fcnde.<\/p>\n<p>&#8220;Kereskedelmi asszisztens \u00e1ll\u00f3munk\u00e1ra jelentkeztem, mert a kereskedelem valamilyen szinten \u00f6tv\u00f6zi az emberekkel val\u00f3 kapcsolatfelv\u00e9telt, kommunik\u00e1ci\u00f3t. Egy kicsit marketing \u00e9s egy kicsik\u00e9t \u00e9rt\u00e9kes\u00edt\u00e9s.&#8221;- tette hozz\u00e1 Szab\u00f3 Edit.<\/p>\n<p>A h\u00e1rom napos program keret\u00e9ben van, aki szem\u00e9lyi edz\u0151k\u00e9nt, k\u00f6nyvt\u00e1rosk\u00e9nt, valamint \u00e1llatgondoz\u00f3k\u00e9n pr\u00f3b\u00e1lhatja ki mag\u00e1t. A r\u00e9sztvev\u0151ket a helysz\u00edneken \u00f6nk\u00e9ntes k\u00eds\u00e9r\u0151 koordin\u00e1lja.<\/p>\n<p>&#8220;\u00c9n v\u00e1lasztottam a helikopter b\u00e1zist \u00e9s m\u00e1sodik lehet\u0151s\u00e9gk\u00e9nt az \u00e1llatmenhelyet. \u00dagy gondolom, hogy helikopter b\u00e1zisra nagyon vak emberek nem jelentkeznek.&#8221;- mes\u00e9lte Pint\u00e9r Erika<\/p>\n<p>A kamp\u00e1nyban a megyei Es\u00e9ly \u00e9s Szoci\u00e1lis K\u00f6zalap\u00edtv\u00e1ny j\u00f3volt\u00e1b\u00f3l m\u00e1rcius 23-ig 10 jelentkez\u0151 vesz r\u00e9szt.<\/p>\n<div style=\"width: 640px;\" class=\"wp-video\"><!--[if lt IE 9]><script>document.createElement('video');<\/script><![endif]-->\n<video class=\"wp-video-shortcode\" id=\"video-8523-1\" width=\"640\" height=\"360\" preload=\"metadata\" controls=\"controls\"><source type=\"video\/mp4\" src=\"\/spots\/hir\/hir_180319_05.mp4?_=1\" \/><a href=\"\/spots\/hir\/hir_180319_05.mp4\">\/spots\/hir\/hir_180319_05.mp4<\/a><\/video><\/div>\n","protected":false},"excerpt":{"rendered":"<p>Volt, aki sportszerkeszt\u0151k mindennapjait, de olyan is akadt, aki a mozik \u00e9s a sz\u00edn\u00e9szek vil\u00e1g\u00e1t ismerhett\u00e9k meg tavaly, a -Neked munak, nekem \u00c1LOM&#8221; elnevez\u00e9s\u0171 nemzetk\u00f6zi program keret\u00e9ben. A kamp\u00e1nyhoz megy\u00e9nk ebben az \u00e9vben is csatlakozott. A r\u00e9sztvev\u0151ket Szolnokon 6, J\u00e1szber\u00e9nyben pedig 4 foglalkoztat\u00f3 v\u00e1rja. &#8220;Nagyon szeretn\u00e9m, hogy ebben a programban, ezen a napon olyan professzion\u00e1lis [&hellip;]<\/p>\n","protected":false},"author":2,"featured_media":0,"comment_status":"closed","ping_status":"closed","sticky":false,"template":"","format":"standard","meta":[],"categories":[9],"tags":[],"_links":{"self":[{"href":"http:\/\/archiv.szolnoktv.hu\/index.php?rest_route=\/wp\/v2\/posts\/8523"}],"collection":[{"href":"http:\/\/archiv.szolnoktv.hu\/index.php?rest_route=\/wp\/v2\/posts"}],"about":[{"href":"http:\/\/archiv.szolnoktv.hu\/index.php?rest_route=\/wp\/v2\/types\/post"}],"author":[{"embeddable":true,"href":"http:\/\/archiv.szolnoktv.hu\/index.php?rest_route=\/wp\/v2\/users\/2"}],"replies":[{"embeddable":true,"href":"http:\/\/archiv.szolnoktv.hu\/index.php?rest_route=%2Fwp%2Fv2%2Fcomments&post=8523"}],"version-history":[{"count":1,"href":"http:\/\/archiv.szolnoktv.hu\/index.php?rest_route=\/wp\/v2\/posts\/8523\/revisions"}],"predecessor-version":[{"id":8550,"href":"http:\/\/archiv.szolnoktv.hu\/index.php?rest_route=\/wp\/v2\/posts\/8523\/revisions\/8550"}],"wp:attachment":[{"href":"http:\/\/archiv.szolnoktv.hu\/index.php?rest_route=%2Fwp%2Fv2%2Fmedia&parent=8523"}],"wp:term":[{"taxonomy":"category","embeddable":true,"href":"http:\/\/archiv.szolnoktv.hu\/index.php?rest_route=%2Fwp%2Fv2%2Fcategories&post=8523"},{"taxonomy":"post_tag","embeddable":true,"href":"http:\/\/archiv.szolnoktv.hu\/index.php?rest_route=%2Fwp%2Fv2%2Ftags&post=8523"}],"curies":[{"name":"wp","href":"https:\/\/api.w.org\/{rel}","templated":true}]}}