{"id":8521,"date":"2018-03-19T16:48:52","date_gmt":"2018-03-19T16:48:52","guid":{"rendered":"http:\/\/archiv.szolnoktv.hu\/?p=8521"},"modified":"2021-08-13T19:53:20","modified_gmt":"2021-08-13T19:53:20","slug":"7-szolnoki-orszagos-vasuttorteneti-es-vasutmodell-kiallitas","status":"publish","type":"post","link":"http:\/\/archiv.szolnoktv.hu\/?p=8521","title":{"rendered":"7. Szolnoki Orsz\u00e1gos Vas\u00fatt\u00f6rt\u00e9neti \u00e9s Vas\u00fatmodell Ki\u00e1ll\u00edt\u00e1s"},"content":{"rendered":"<div class='booster-block booster-read-block'><\/div><p>R\u00e9gi t\u00edpus\u00fa vonatjegyeket is k\u00e9sz\u00edthettek a 7. Szolnoki Orsz\u00e1gos Vas\u00fatt\u00f6rt\u00e9neti \u00e9s Vas\u00fatmodell Ki\u00e1ll\u00edt\u00e1s l\u00e1togat\u00f3i. <br \/>Felid\u00e9zt\u00e9k a Szolnoki szem\u00e9lyi p\u00e1lyaudvar \u00e1tad\u00e1s\u00e1nak korabeli esem\u00e9nyeit, megn\u00e9zhett\u00e9k hogyan n\u00e9zett ki a 70-es \u00e9vekben az \u00e1llom\u00e1sf\u0151n\u00f6ki iroda, s\u0151t m\u0171k\u00f6d\u00e9s k\u00f6zben l\u00e1thatt\u00e1k ezt az 1955-ben, az  \u00e1llami p\u00e9nzverd\u00e9ben gy\u00e1rtott Pann\u00f3nia j\u00e1t\u00e9kvasutat is. Akkor, amikor egy havi fizet\u00e9s 800 forint volt, ezt  1330 forint\u00e9rt v\u00e1s\u00e1rolhatt\u00e1k meg. <\/p>\n<p>A n\u00e9gy napos esem\u00e9nyre,  a k\u00f6zel 2000 m2-es ki\u00e1ll\u00edt\u00e1son 400 m\u00e9ter hossz\u00fa vas\u00fati modellp\u00e1lya \u00e9p\u00fclt fel, amelyet szolnoki modellez\u0151k: Farag\u00f3 L\u00e1szl\u00f3 \u00e9s a K\u00e1d\u00e1r csal\u00e1d mellett Magyarorsz\u00e1g tov\u00e1bbi jelent\u0151s ki\u00e1ll\u00edt\u00f3i alak\u00edtottak ki az Ag\u00f3ra mindk\u00e9t \u00e9p\u00fclet\u00e9ben.<\/p>\n<p>K\u00e1d\u00e1r P\u00e9ter ki\u00e1ll\u00edt\u00f3, Szolnok: <\/p>\n<p>-&#8220;Az m\u00e1r a 3. alkalom, hogy itt a a szolnoki ki\u00e1ll\u00edt\u00e1son itt vagyunk. Az\u00e9rt j\u00f6v\u00fcnk, mert szeret\u00fcnk terepasztalozni \u00e9s szeretj\u00fck m\u00e1soknak megmutatni, megosztani ezt az \u00e9lm\u00e9nyt. &#8211;<\/p>\n<p>Terepasztalukon a v\u00e1rosi, az ipari r\u00e9sz \u00e9s a vas\u00fat\u00e1llom\u00e1s is megjelent -sok sok t\u00f6rt\u00e9n\u00e9ssel. \u00c9s a  makettek -32 m\u00e9ter hossz\u00fa s\u00ednh\u00e1l\u00f3zaton. <br \/>Az \u00e9rdekl\u0151d\u0151k ki is pr\u00f3b\u00e1lhatt\u00e1k a modellez\u00e9s nagy t\u00fcrelmet \u00e9s precizit\u00e1st ig\u00e9nyl\u0151 fog\u00e1sait. <\/p>\n<p>Nagy D\u00e1niel: <\/p>\n<p>-&#8220;M\u00e9g sosem foglalkoztunk ilyennel otthon, maximum LEGO-val, de ezt el\u00e9g egyszer\u0171 \u00f6sszerakni. &#8211;<\/p>\n<p>A miniat\u0171r csod\u00e1k a gyerekeket is lek\u00f6t\u00f6tt\u00e9k. <\/p>\n<p>Gebei Nagy B\u00e1lint:<\/p>\n<p>-&#8220;Az\u00e9rt j\u00f6tt\u00fcnk ide , hogy n\u00e9zz\u00fcnk vonatokat, az\u00e9rt is, hogy tudjunk ilyet csin\u00e1lni \u00e9s az\u00e9rt is, hogy el tudjuk valamit mes\u00e9lni az anyuk\u00e1nknak.&#8221;<\/p>\n<p> T\u00f3th R\u00f3me\u00f3:<\/p>\n<p>-&#8220;\u00c9n az\u00e9rt j\u00f6ttem el, mert \u00e9rdekel ez a hobbi \u00e9s otthon is van terepasztalom l\u00e9nyeg\u00e9ben, \u00f6tleteket szerezni j\u00f6tten igaz\u00e1b\u00f3l \u00e9s v\u00e1s\u00e1rolni is. Most \u00e9pp h\u00e1zat \u00e9p\u00edtek. &#8211;<\/p>\n<p>Ez\u00fattal n\u00e9gy napon \u00e1t zakatoltak a miniat\u0171r vonatok Magyarorsz\u00e1g legnagyobb terepasztal\u00e1n. Mintegy 6.000 l\u00e1togat\u00f3 felfedezhette a 170 \u00e9ves Pest-Szolnok vas\u00fatvonal tisztelet\u00e9re megalkotott \u00d3-Szolnok \u00e1llom\u00e1st, vagy a szolnoki k\u00f6t\u0151d\u00e9s\u0171 Stadler mini szerelv\u00e9nyeit.<br \/>\n<br \/>\n<div style=\"width: 640px;\" class=\"wp-video\"><!--[if lt IE 9]><script>document.createElement('video');<\/script><![endif]-->\n<video class=\"wp-video-shortcode\" id=\"video-8521-1\" width=\"640\" height=\"360\" preload=\"metadata\" controls=\"controls\"><source type=\"video\/mp4\" src=\"\/spots\/hir\/hir_180319_02.mp4?_=1\" \/><a href=\"\/spots\/hir\/hir_180319_02.mp4\">\/spots\/hir\/hir_180319_02.mp4<\/a><\/video><\/div><\/p>\n","protected":false},"excerpt":{"rendered":"<p>R\u00e9gi t\u00edpus\u00fa vonatjegyeket is k\u00e9sz\u00edthettek a 7. Szolnoki Orsz\u00e1gos Vas\u00fatt\u00f6rt\u00e9neti \u00e9s Vas\u00fatmodell Ki\u00e1ll\u00edt\u00e1s l\u00e1togat\u00f3i. Felid\u00e9zt\u00e9k a Szolnoki szem\u00e9lyi p\u00e1lyaudvar \u00e1tad\u00e1s\u00e1nak korabeli esem\u00e9nyeit, megn\u00e9zhett\u00e9k hogyan n\u00e9zett ki a 70-es \u00e9vekben az \u00e1llom\u00e1sf\u0151n\u00f6ki iroda, s\u0151t m\u0171k\u00f6d\u00e9s k\u00f6zben l\u00e1thatt\u00e1k ezt az 1955-ben, az \u00e1llami p\u00e9nzverd\u00e9ben gy\u00e1rtott Pann\u00f3nia j\u00e1t\u00e9kvasutat is. Akkor, amikor egy havi fizet\u00e9s 800 forint volt, ezt [&hellip;]<\/p>\n","protected":false},"author":2,"featured_media":0,"comment_status":"closed","ping_status":"closed","sticky":false,"template":"","format":"standard","meta":[],"categories":[9],"tags":[],"_links":{"self":[{"href":"http:\/\/archiv.szolnoktv.hu\/index.php?rest_route=\/wp\/v2\/posts\/8521"}],"collection":[{"href":"http:\/\/archiv.szolnoktv.hu\/index.php?rest_route=\/wp\/v2\/posts"}],"about":[{"href":"http:\/\/archiv.szolnoktv.hu\/index.php?rest_route=\/wp\/v2\/types\/post"}],"author":[{"embeddable":true,"href":"http:\/\/archiv.szolnoktv.hu\/index.php?rest_route=\/wp\/v2\/users\/2"}],"replies":[{"embeddable":true,"href":"http:\/\/archiv.szolnoktv.hu\/index.php?rest_route=%2Fwp%2Fv2%2Fcomments&post=8521"}],"version-history":[{"count":1,"href":"http:\/\/archiv.szolnoktv.hu\/index.php?rest_route=\/wp\/v2\/posts\/8521\/revisions"}],"predecessor-version":[{"id":8552,"href":"http:\/\/archiv.szolnoktv.hu\/index.php?rest_route=\/wp\/v2\/posts\/8521\/revisions\/8552"}],"wp:attachment":[{"href":"http:\/\/archiv.szolnoktv.hu\/index.php?rest_route=%2Fwp%2Fv2%2Fmedia&parent=8521"}],"wp:term":[{"taxonomy":"category","embeddable":true,"href":"http:\/\/archiv.szolnoktv.hu\/index.php?rest_route=%2Fwp%2Fv2%2Fcategories&post=8521"},{"taxonomy":"post_tag","embeddable":true,"href":"http:\/\/archiv.szolnoktv.hu\/index.php?rest_route=%2Fwp%2Fv2%2Ftags&post=8521"}],"curies":[{"name":"wp","href":"https:\/\/api.w.org\/{rel}","templated":true}]}}