{"id":8520,"date":"2018-03-19T16:46:46","date_gmt":"2018-03-19T16:46:46","guid":{"rendered":"http:\/\/archiv.szolnoktv.hu\/?p=8520"},"modified":"2021-08-13T19:53:20","modified_gmt":"2021-08-13T19:53:20","slug":"2019-vegere-elkeszul-az-m4-es-gyorsforgalmi-ut-cegled-abony-kozotti-szakasza","status":"publish","type":"post","link":"http:\/\/archiv.szolnoktv.hu\/?p=8520","title":{"rendered":"2019 v\u00e9g\u00e9re elk\u00e9sz\u00fcl az M4-es gyorsforgalmi \u00fat Cegl\u00e9d-Abony k\u00f6z\u00f6tti szakasza"},"content":{"rendered":"<div class='booster-block booster-read-block'><\/div><p>Az M4-es gyorsforgalmi \u00fat Cegl\u00e9d-Abony k\u00f6z\u00f6tti szakasz\u00e1nak fel\u00faj\u00edt\u00e1sa \u00e9s kisz\u00e9les\u00edt\u00e9se hazai k\u00f6lts\u00e9gvet\u00e9si forr\u00e1sb\u00f3l val\u00f3sul meg. A 17, 6 kilom\u00e9teres szakasz 26 milli\u00e1rd forintba ker\u00fcl. 1 milli\u00f3 300 ezer k\u00f6bm\u00e9ter f\u00f6ldet mozgatnak meg. A f\u00f6ld depon\u00e1l\u00e1sa m\u00e1r elkezd\u0151d\u00f6tt. A megval\u00f3s\u00edt\u00e1s k\u00e9t r\u00e9szb\u0151l \u00e1ll. <\/p>\n<p>Mayer Andr\u00e1s, vez\u00e9rigazgat\u00f3-helyettes, Nemzeti Infrastrukt\u00fara Fejleszt\u0151 Zrt. : <\/p>\n<p>-&#8221; Egy hat kilom\u00e9teres, m\u00e1r megl\u00e9v\u0151 2&#215;2 kilom\u00e9teres m\u00e1r megl\u00e9v\u0151 2&#215;2 s\u00e1vos \u00fatb\u00f3l, amit f\u00f6lfejleszt\u00fcnk gyorsforgalmi \u00fatt\u00e1 \u00e9s a teljes p\u00e1lyaszerkezetet meg\u00faj\u00edtjuk. Illetve a tov\u00e1bbi 11 kilom\u00e9teres 2&#215;1 s\u00e1vos \u00fatb\u00f3l, amit a burkolat meg\u00faj\u00edtsa mellett teljes \u00e9rt\u00e9k\u0171 2&#215;2 s\u00e1vos gyorsforgalmi utat alak\u00edtunk ki. &#8211;<\/p>\n<p>A tervek szerint 2019 december v\u00e9g\u00e9re k\u00e9sz\u00fcl el az \u00fatszakasz. <\/p>\n<p> Mayer Andr\u00e1s, vez\u00e9rigazgat\u00f3-helyettes, Nemzeti Infrastrukt\u00fara Fejleszt\u0151 Zrt. : <\/p>\n<p>-&#8220;Az M0-t\u00f3l a Cegl\u00e9di k\u00f6rforgalmi csom\u00f3pontig m\u00e1r folyik a kivitelez\u00e9s, m\u00e1s, kor\u00e1bban meghirdetett versenyt\u00e1rgyal\u00e1sok k\u00f6vetkezt\u00e9ben. Ez a projekt, ez a szakasz a cegl\u00e9di k\u00f6rforgalmi csom\u00f3pontb\u00f3l indul \u00e9s a k\u00e9s\u0151bbi M4, M8-as csom\u00f3pontba \u00e9r bele, teh\u00e1t a Cegl\u00e9d \u00e9s Abony k\u00f6z\u00f6tti szakasz is elk\u00e9sz\u00fcl, illetve az Abonyi elker\u00fcl\u0151nek a d\u00f6nt\u0151 r\u00e9sze meg\u00fajul.&#8221;<\/p>\n<p>Besz\u00e9d\u00e9ben a megyei korm\u00e1nymegb\u00edzott kiemelte az orsz\u00e1gon bel\u00fcli sz\u00e1ll\u00edt\u00e1s jelent\u0151s\u00e9g\u00e9t \u00e9s a t\u00e9rs\u00e9g gazdas\u00e1gi fejl\u0151d\u00e9s\u00e9t. A szolnokiak 20 \u00e9ves v\u00e1gya val\u00f3sul meg, a beruh\u00e1z\u00e1s a t\u00e1rsadalom minden szintj\u00e9t szolg\u00e1lja majd- hangs\u00falyozta K\u00e1llai M\u00e1ria. <br \/>Szolnok polg\u00e1rmestere a gazdas\u00e1g \u00e9s a n\u00e9gys\u00e1vos \u00fat kapcsolat\u00e1r\u00f3l besz\u00e9lt.  A jelenlegi ipari park megtelt, most \u00fajabb lehet\u0151s\u00e9geket keresnek, arra, hogy min\u00e9l t\u00f6bb befektet\u0151t vonzzon a t\u00e9rs\u00e9g. <\/p>\n<p> Szalay Ferenc polg\u00e1rmester, Szolnok:<\/p>\n<p>-&#8221; \u00daj ipari park kialak\u00edt\u00e1s\u00e1n gondolkozunk. Egy 64 hekt\u00e1ros ter\u00fclet az, aminek a fejleszt\u00e9se a k\u00f6zelj\u00f6v\u0151ben v\u00e1rhat\u00f3. Ez nagyon kell, hogy k\u00f6t\u0151dj\u00f6n a 4-es \u00fat n\u00e9gys\u00e1v\u00fas\u00edt\u00e1s\u00e1hoz. &#8211;<\/p>\n<p>A munk\u00e1k sor\u00e1n kialak\u00edtanak majd k\u00e9t \u00fajabb k\u00fcl\u00f6n szint\u0171 csom\u00f3pontot \u00e9s mindk\u00e9t oldalon egy-egy pihen\u0151t is.<br \/>\n<br \/>\n<div style=\"width: 640px;\" class=\"wp-video\"><!--[if lt IE 9]><script>document.createElement('video');<\/script><![endif]-->\n<video class=\"wp-video-shortcode\" id=\"video-8520-1\" width=\"640\" height=\"360\" preload=\"metadata\" controls=\"controls\"><source type=\"video\/mp4\" src=\"\/spots\/hir\/hir_180319_01.mp4?_=1\" \/><a href=\"\/spots\/hir\/hir_180319_01.mp4\">\/spots\/hir\/hir_180319_01.mp4<\/a><\/video><\/div><\/p>\n","protected":false},"excerpt":{"rendered":"<p>Az M4-es gyorsforgalmi \u00fat Cegl\u00e9d-Abony k\u00f6z\u00f6tti szakasz\u00e1nak fel\u00faj\u00edt\u00e1sa \u00e9s kisz\u00e9les\u00edt\u00e9se hazai k\u00f6lts\u00e9gvet\u00e9si forr\u00e1sb\u00f3l val\u00f3sul meg. A 17, 6 kilom\u00e9teres szakasz 26 milli\u00e1rd forintba ker\u00fcl. 1 milli\u00f3 300 ezer k\u00f6bm\u00e9ter f\u00f6ldet mozgatnak meg. A f\u00f6ld depon\u00e1l\u00e1sa m\u00e1r elkezd\u0151d\u00f6tt. A megval\u00f3s\u00edt\u00e1s k\u00e9t r\u00e9szb\u0151l \u00e1ll. Mayer Andr\u00e1s, vez\u00e9rigazgat\u00f3-helyettes, Nemzeti Infrastrukt\u00fara Fejleszt\u0151 Zrt. : -&#8221; Egy hat kilom\u00e9teres, m\u00e1r [&hellip;]<\/p>\n","protected":false},"author":2,"featured_media":0,"comment_status":"closed","ping_status":"closed","sticky":false,"template":"","format":"standard","meta":[],"categories":[9],"tags":[],"_links":{"self":[{"href":"http:\/\/archiv.szolnoktv.hu\/index.php?rest_route=\/wp\/v2\/posts\/8520"}],"collection":[{"href":"http:\/\/archiv.szolnoktv.hu\/index.php?rest_route=\/wp\/v2\/posts"}],"about":[{"href":"http:\/\/archiv.szolnoktv.hu\/index.php?rest_route=\/wp\/v2\/types\/post"}],"author":[{"embeddable":true,"href":"http:\/\/archiv.szolnoktv.hu\/index.php?rest_route=\/wp\/v2\/users\/2"}],"replies":[{"embeddable":true,"href":"http:\/\/archiv.szolnoktv.hu\/index.php?rest_route=%2Fwp%2Fv2%2Fcomments&post=8520"}],"version-history":[{"count":1,"href":"http:\/\/archiv.szolnoktv.hu\/index.php?rest_route=\/wp\/v2\/posts\/8520\/revisions"}],"predecessor-version":[{"id":8553,"href":"http:\/\/archiv.szolnoktv.hu\/index.php?rest_route=\/wp\/v2\/posts\/8520\/revisions\/8553"}],"wp:attachment":[{"href":"http:\/\/archiv.szolnoktv.hu\/index.php?rest_route=%2Fwp%2Fv2%2Fmedia&parent=8520"}],"wp:term":[{"taxonomy":"category","embeddable":true,"href":"http:\/\/archiv.szolnoktv.hu\/index.php?rest_route=%2Fwp%2Fv2%2Fcategories&post=8520"},{"taxonomy":"post_tag","embeddable":true,"href":"http:\/\/archiv.szolnoktv.hu\/index.php?rest_route=%2Fwp%2Fv2%2Ftags&post=8520"}],"curies":[{"name":"wp","href":"https:\/\/api.w.org\/{rel}","templated":true}]}}