{"id":8519,"date":"2018-03-15T18:45:34","date_gmt":"2018-03-15T18:45:34","guid":{"rendered":"http:\/\/archiv.szolnoktv.hu\/?p=8519"},"modified":"2021-08-13T19:53:20","modified_gmt":"2021-08-13T19:53:20","slug":"ilovszkoje-kiallitas-a-reptarban","status":"publish","type":"post","link":"http:\/\/archiv.szolnoktv.hu\/?p=8519","title":{"rendered":"Ilovszkoje ki\u00e1ll\u00edt\u00e1s a Rept\u00e1rban<br>"},"content":{"rendered":"<div class='booster-block booster-read-block'><\/div><p>Az 1943-as esztend\u0151 leg\u00fajabb kori hadt\u00f6rt\u00e9nelm\u00fcnk egyik legs\u00falyosabb csap\u00e1s\u00e1val, a 2. magyar hadsereg felmorzsol\u00f3d\u00e1s\u00e1val k\u00f6sz\u00f6nt\u00f6tt be. A t\u00f6bb, mint 200 km-es Don menti arcvonal k\u00f6zepe \u00e9s d\u00e9li sz\u00e1rnya n\u00e9h\u00e1ny nap alatt \u00f6sszeroppant, az \u00e9szaki sz\u00e1rnyon harcol\u00f3 III. hadtestet pedig v\u00e9gk\u00e9pp elv\u00e1gta a magyar hadsereg t\u00f6bbi r\u00e9sz\u00e9t\u0151l a szovjet t\u00e1mad\u00e1s. A Rept\u00e1rban megny\u00edlt ki\u00e1ll\u00edt\u00e1s darabjai az Ilovszkoj\u00e9ben lezajlott \u00fctk\u00f6zetre eml\u00e9keztetnek.<\/p>\n<p>&#8220;Ez a maroknyi katona h\u0151siesen helyt\u00e1llt, amivel lehet\u0151s\u00e9get biztos\u00edtott arra, hogy t\u00f6bb t\u00edzezer magyar honv\u00e9d \u00e9s t\u00f6bb ezer sebes\u00fclt vissza tudjon vonulni nyugatra.&#8221; mondta Mag\u00f3 K\u00e1roly roncskutat\u00f3.<\/p>\n<p>A t\u00e1rl\u00f3kban az Ilovszkoj\u00e9ban 2012- ben vezetett 5 napos exped\u00edci\u00f3 \u00e1ltal fellelt t\u00e1rgyak, illetve a kort \u00e9s az esem\u00e9nyt megid\u00e9z\u0151 eml\u00e9kek kaptak helyet. A Rept\u00e1r 5. id\u0151szaki ki\u00e1ll\u00edt\u00e1s\u00e1t m\u00e1r az els\u0151 napon l\u00e1togat\u00f3k sz\u00e1zai tekintett\u00e9k meg. A nemzeti \u00fcnnep aprop\u00f3j\u00e1n ugyanis ma nem kellett bel\u00e9p\u0151jegyet v\u00e1ltani. A rep\u00fcl\u00e9st\u00f6rt\u00e9neti ki\u00e1ll\u00edt\u00f3helyet m\u00e1rcius 15- \u00e9n t\u00f6bb mint k\u00e9tezren l\u00e1togatt\u00e1k meg.<\/p>\n<div style=\"width: 640px;\" class=\"wp-video\"><!--[if lt IE 9]><script>document.createElement('video');<\/script><![endif]-->\n<video class=\"wp-video-shortcode\" id=\"video-8519-1\" width=\"640\" height=\"360\" preload=\"metadata\" controls=\"controls\"><source type=\"video\/mp4\" src=\"\/spots\/hir\/hir_180315_06.mp4?_=1\" \/><a href=\"\/spots\/hir\/hir_180315_06.mp4\">\/spots\/hir\/hir_180315_06.mp4<\/a><\/video><\/div>\n","protected":false},"excerpt":{"rendered":"<p>Az 1943-as esztend\u0151 leg\u00fajabb kori hadt\u00f6rt\u00e9nelm\u00fcnk egyik legs\u00falyosabb csap\u00e1s\u00e1val, a 2. magyar hadsereg felmorzsol\u00f3d\u00e1s\u00e1val k\u00f6sz\u00f6nt\u00f6tt be. A t\u00f6bb, mint 200 km-es Don menti arcvonal k\u00f6zepe \u00e9s d\u00e9li sz\u00e1rnya n\u00e9h\u00e1ny nap alatt \u00f6sszeroppant, az \u00e9szaki sz\u00e1rnyon harcol\u00f3 III. hadtestet pedig v\u00e9gk\u00e9pp elv\u00e1gta a magyar hadsereg t\u00f6bbi r\u00e9sz\u00e9t\u0151l a szovjet t\u00e1mad\u00e1s. A Rept\u00e1rban megny\u00edlt ki\u00e1ll\u00edt\u00e1s darabjai az [&hellip;]<\/p>\n","protected":false},"author":2,"featured_media":0,"comment_status":"closed","ping_status":"closed","sticky":false,"template":"","format":"standard","meta":[],"categories":[9],"tags":[],"_links":{"self":[{"href":"http:\/\/archiv.szolnoktv.hu\/index.php?rest_route=\/wp\/v2\/posts\/8519"}],"collection":[{"href":"http:\/\/archiv.szolnoktv.hu\/index.php?rest_route=\/wp\/v2\/posts"}],"about":[{"href":"http:\/\/archiv.szolnoktv.hu\/index.php?rest_route=\/wp\/v2\/types\/post"}],"author":[{"embeddable":true,"href":"http:\/\/archiv.szolnoktv.hu\/index.php?rest_route=\/wp\/v2\/users\/2"}],"replies":[{"embeddable":true,"href":"http:\/\/archiv.szolnoktv.hu\/index.php?rest_route=%2Fwp%2Fv2%2Fcomments&post=8519"}],"version-history":[{"count":1,"href":"http:\/\/archiv.szolnoktv.hu\/index.php?rest_route=\/wp\/v2\/posts\/8519\/revisions"}],"predecessor-version":[{"id":8554,"href":"http:\/\/archiv.szolnoktv.hu\/index.php?rest_route=\/wp\/v2\/posts\/8519\/revisions\/8554"}],"wp:attachment":[{"href":"http:\/\/archiv.szolnoktv.hu\/index.php?rest_route=%2Fwp%2Fv2%2Fmedia&parent=8519"}],"wp:term":[{"taxonomy":"category","embeddable":true,"href":"http:\/\/archiv.szolnoktv.hu\/index.php?rest_route=%2Fwp%2Fv2%2Fcategories&post=8519"},{"taxonomy":"post_tag","embeddable":true,"href":"http:\/\/archiv.szolnoktv.hu\/index.php?rest_route=%2Fwp%2Fv2%2Ftags&post=8519"}],"curies":[{"name":"wp","href":"https:\/\/api.w.org\/{rel}","templated":true}]}}