{"id":8518,"date":"2018-03-15T18:34:22","date_gmt":"2018-03-15T18:34:22","guid":{"rendered":"http:\/\/archiv.szolnoktv.hu\/?p=8518"},"modified":"2021-08-13T19:53:20","modified_gmt":"2021-08-13T19:53:20","slug":"unnepi-szentmise-2","status":"publish","type":"post","link":"http:\/\/archiv.szolnoktv.hu\/?p=8518","title":{"rendered":"\u00dcnnepi Szentmise"},"content":{"rendered":"<div class='booster-block booster-read-block'><\/div><p>-Amit rejtekben m\u0171velnek titokban, arra bizony f\u00e9ny der\u00fcl. Igaz ez 1848-ra is, \u00e9s igaz minden m\u00e1s nemzeti eml\u00e9kez\u00e9s\u00fcnkre, \u00fcnnep\u00fcnkre, sorsunkra.&#8221;<\/p>\n<p>Az igazak sokat szenvednek, de Isten majd megseg\u00edti \u0151ket  &#8211;   folytatta gondolatait M\u00e1t\u00e9 Gy\u00f6rgy. Az esperes, pl\u00e9b\u00e1nos hozz\u00e1tette: nyilv\u00e1nval\u00f3v\u00e1 v\u00e1lik minden megal\u00e1zottnak \u00e9s igazs\u00e1gtalanul elb\u00e1nt embernek a maga igaza.<\/p>\n<p>-Helyt\u00e1llni. \u00c9s a J\u00f3isten gondvisel\u0151nk titka, hogy kinek \u00edgy, kinek \u00fagy, de mindazok, akik az \u00e9let\u00fckkel fizettek a helyt\u00e1ll\u00e1s\u00e9rt, azok az igaz emberek, nagyon tan\u00edtanak benn\u00fcnket. A mi gener\u00e1ci\u00f3nk sz\u00e1m\u00e1ra is \u00fczennek, hogy: \u00e1llj helyt, legy\u00e9l igaz, becs\u00fcletes magyar \u00e9s kereszt\u00e9ny.&#8221; <\/p>\n<p>Minden kor, minden pr\u00f3bat\u00e9tel \u00fczen nek\u00fcnk, a ma ember\u00e9nek: hogy az igaz \u00e9let legyen az oszt\u00e1lyr\u00e9sz\u00fcnk. Az igaz embers\u00e9g ragyog fel el\u0151deink v\u00e1rtan\u00fa sors\u00e1ban  &#8211;   mondta M\u00e1t\u00e9 Gy\u00f6rgy. \u00c9rdemes j\u00f3nak lenni, \u00e9rdemes az igaz \u00fcgyek\u00e9rt ki\u00e1llni &#8211; hangs\u00falyozta. A h\u0151s\u00f6k nem akartak h\u0151ss\u00e9 v\u00e1lni, a t\u00f6rt\u00e9nelem tette azz\u00e1 \u0151ket. Az is h\u0151siess\u00e9g, ha helyt \u00e1llunk a mindennapokban, ahol mindenki v\u00e9gzi a maga k\u00f6teless\u00e9geit, feladatait  &#8211;   fogalmazott az esperes, pl\u00e9b\u00e1nos.<\/p>\n<p>-Minden t\u00f6rt\u00e9nelmi korszakban voltak nagyszer\u0171, igaz emberek, akik sokat szenvedtek. Himfy Atya is b\u00f6rt\u00f6nt viselt.&#8221;<\/p>\n<p>Vas\u00e1rnap d\u00e9lut\u00e1n 3 \u00f3rakor mindenkit v\u00e1rnak az E\u00f6tv\u00f6s t\u00e9ri Szent J\u00f3zsef templomhoz, ahol szentmis\u00e9t tartanak Himfy Ferenc eml\u00e9k\u00e9re, majd 16 \u00f3rakor a r\u00f3mai katolikus pl\u00e9b\u00e1nos szolg\u00e1lat\u00e1nak, \u00e9let\u00e1ldozat\u00e1nak tisztelet\u00e9re szobrot \u00e1ll\u00edtanak a G\u00f3lya parkban-hangzott el a pl\u00e9b\u00e1nos \u00fcnnepi pr\u00e9dik\u00e1ci\u00f3j\u00e1ban.<\/p>\n<div style=\"width: 640px;\" class=\"wp-video\"><!--[if lt IE 9]><script>document.createElement('video');<\/script><![endif]-->\n<video class=\"wp-video-shortcode\" id=\"video-8518-1\" width=\"640\" height=\"360\" preload=\"metadata\" controls=\"controls\"><source type=\"video\/mp4\" src=\"\/spots\/hir\/hir_180315_05.mp4?_=1\" \/><a href=\"\/spots\/hir\/hir_180315_05.mp4\">\/spots\/hir\/hir_180315_05.mp4<\/a><\/video><\/div>\n","protected":false},"excerpt":{"rendered":"<p>-Amit rejtekben m\u0171velnek titokban, arra bizony f\u00e9ny der\u00fcl. Igaz ez 1848-ra is, \u00e9s igaz minden m\u00e1s nemzeti eml\u00e9kez\u00e9s\u00fcnkre, \u00fcnnep\u00fcnkre, sorsunkra.&#8221; Az igazak sokat szenvednek, de Isten majd megseg\u00edti \u0151ket &#8211; folytatta gondolatait M\u00e1t\u00e9 Gy\u00f6rgy. Az esperes, pl\u00e9b\u00e1nos hozz\u00e1tette: nyilv\u00e1nval\u00f3v\u00e1 v\u00e1lik minden megal\u00e1zottnak \u00e9s igazs\u00e1gtalanul elb\u00e1nt embernek a maga igaza. -Helyt\u00e1llni. \u00c9s a J\u00f3isten gondvisel\u0151nk titka, [&hellip;]<\/p>\n","protected":false},"author":2,"featured_media":0,"comment_status":"closed","ping_status":"closed","sticky":false,"template":"","format":"standard","meta":[],"categories":[9],"tags":[],"_links":{"self":[{"href":"http:\/\/archiv.szolnoktv.hu\/index.php?rest_route=\/wp\/v2\/posts\/8518"}],"collection":[{"href":"http:\/\/archiv.szolnoktv.hu\/index.php?rest_route=\/wp\/v2\/posts"}],"about":[{"href":"http:\/\/archiv.szolnoktv.hu\/index.php?rest_route=\/wp\/v2\/types\/post"}],"author":[{"embeddable":true,"href":"http:\/\/archiv.szolnoktv.hu\/index.php?rest_route=\/wp\/v2\/users\/2"}],"replies":[{"embeddable":true,"href":"http:\/\/archiv.szolnoktv.hu\/index.php?rest_route=%2Fwp%2Fv2%2Fcomments&post=8518"}],"version-history":[{"count":1,"href":"http:\/\/archiv.szolnoktv.hu\/index.php?rest_route=\/wp\/v2\/posts\/8518\/revisions"}],"predecessor-version":[{"id":8555,"href":"http:\/\/archiv.szolnoktv.hu\/index.php?rest_route=\/wp\/v2\/posts\/8518\/revisions\/8555"}],"wp:attachment":[{"href":"http:\/\/archiv.szolnoktv.hu\/index.php?rest_route=%2Fwp%2Fv2%2Fmedia&parent=8518"}],"wp:term":[{"taxonomy":"category","embeddable":true,"href":"http:\/\/archiv.szolnoktv.hu\/index.php?rest_route=%2Fwp%2Fv2%2Fcategories&post=8518"},{"taxonomy":"post_tag","embeddable":true,"href":"http:\/\/archiv.szolnoktv.hu\/index.php?rest_route=%2Fwp%2Fv2%2Ftags&post=8518"}],"curies":[{"name":"wp","href":"https:\/\/api.w.org\/{rel}","templated":true}]}}