{"id":8517,"date":"2018-03-15T18:12:50","date_gmt":"2018-03-15T18:12:50","guid":{"rendered":"http:\/\/archiv.szolnoktv.hu\/?p=8517"},"modified":"2021-08-13T19:53:21","modified_gmt":"2021-08-13T19:53:21","slug":"varosi-megemlekezes-a-damjanich-szobornal","status":"publish","type":"post","link":"http:\/\/archiv.szolnoktv.hu\/?p=8517","title":{"rendered":"V\u00e1rosi megeml\u00e9kez\u00e9s a Damjanich szoborn\u00e1l"},"content":{"rendered":"<div class='booster-block booster-read-block'><\/div><p>A t\u00f6rt\u00e9nelmi z\u00e1szl\u00f3k behozatal\u00e1val kezd\u0151d\u0151 v\u00e1rosi megeml\u00e9kez\u00e9st id\u00e9n is a dics\u0151s\u00e9ges tavaszi Hadj\u00e1rat els\u0151 gy\u0151ztes csat\u00e1j\u00e1t v\u00edv\u00f3 Damjanich t\u00e1bornok szobra el\u0151tt rendezt\u00e9k. A megjelentek els\u0151k\u00e9nt Bal\u00e1zs P\u00e9ter szavalat\u00e1t hallhatt\u00e1k. A Szigligeti Sz\u00ednh\u00e1z direktora Berzsenyi sorait id\u00e9zte.<\/p>\n<p>&#8220;\u00c1rp\u00e1d v\u00e9re sem h\u0171lhet el, b\u00e1r r\u00e9g\u00f3ta hever\u00e9sz a puha pamlagon. Forr a vil\u00e1g b\u00fas tengere \u00f3 magyar. \u00c1d\u00e1z Erinnisz lelke uralkodik, s a f\u00f6ld lak\u00f3it v\u00e9rbe m\u00e1rtott t\u0151re d\u00fch\u00f6s viadalra k\u00e9szti&#8221;<\/p>\n<p> A kor\u00e1bbi \u00e9vek gyakorlat\u00e1hoz h\u00edven a Szolnoki \u00d6kumenikus Lelk\u00e9szk\u00f6r kijel\u00f6lt sz\u00f3noka- id\u00e9n M\u00e1th\u00e9 Gy\u00f6rgy esperes, pl\u00e9b\u00e1nos osztotta meg eml\u00e9kez\u0151 gondolatait. Mint hangs\u00falyozta, az \u00e1ldozat nem volt hi\u00e1ba val\u00f3.<\/p>\n<p>&#8220;Az 1848- as Forradalom \u00e9s Szabads\u00e1gharc, elbuk\u00e1sa ellen\u00e9re megtartotta az \u00e9letet sz\u00e1munkra is. A sok k\u00fczdelem, v\u00e9r\u00e1ldozat b\u00e1r mindig megrend\u00edt\u0151, m\u00e9gsem veszett k\u00e1rba. van Magyarorsz\u00e1g, van magyar \u00e9let ma is, \u00e9s rem\u00e9ny\u00fcnk a j\u00f6v\u0151 magyars\u00e1g\u00e1ban itt kell lenni benn\u00fcnk minden mai eur\u00f3pai probl\u00e9ma ellen\u00e9re is.&#8221;<\/p>\n<p>Szolnok jelent\u0151s\u00e9ge kiemelked\u0151 az 1848- 49- es esem\u00e9nyekben. A v\u00e1ros er\u0151ss\u00e9ge- b\u00e1r t\u00f6bbsz\u00f6r cser\u00e9lt gazd\u00e1t a t\u00f6rt\u00e9nelem sor\u00e1n- a Forradalom \u00e9s Szabads\u00e1gharc idej\u00e9n k\u00fcl\u00f6n\u00f6s hangs\u00fallyal b\u00edrt. Csak\u00fagy mint a helyiek elt\u00f6k\u00e9lt szabads\u00e1gv\u00e1gya. Mondta Dr. K\u00e1llai M\u00e1ria megyei korm\u00e1nymegb\u00edzott.<\/p>\n<p>&#8220;Mi szolnokiak k\u00fcl\u00f6n\u00f6sen sok sz\u00e1llal k\u00f6t\u0151d\u00fcnk a szabads\u00e1gharc id\u0151szak\u00e1hoz. Az akkor alig tizenn\u00e9gyezres Szolnokr\u00f3l ezer f\u00e9rfi vonult Kossuth Lajos sz\u00f3noklat\u00e1nak hat\u00e1s\u00e1ra a haz\u00e1t v\u00e9deni. \u00cdgy tal\u00e1n az sem v\u00e9letlen, hogy 1849 m\u00e1rcius \u00f6t\u00f6dik\u00e9n Damjanich t\u00e1bornok seregei \u00e9ppen Szolnokn\u00e1l tudt\u00e1k megford\u00edtani a h\u00e1bor\u00fa menet\u00e9t \u00e9s n\u00e9h\u00e1ny h\u00f3nap alatt imm\u00e1r lelkileg meger\u0151s\u00f6dve ki\u0171zt\u00e9k az osztr\u00e1k seregeket haz\u00e1nk f\u00f6ldj\u00e9r\u0151l.&#8221;<\/p>\n<p>Dr K\u00e1llai M\u00e1ria megyei korm\u00e1nymegb\u00edzott hangs\u00falyozta: \u00fajra- \u00e9s \u00fajra meg kell v\u00edvni szabads\u00e1gunk\u00e9rt. S b\u00e1r ma l\u00e1tsz\u00f3lag b\u00e9ke van, Eur\u00f3pa sz\u00edv\u00e9ben elt\u00f6k\u00e9lt kitart\u00e1sra van sz\u00fcks\u00e9g, nemzeti identit\u00e1sunk, j\u00f6v\u0151nk v\u00e9delme \u00e9rdek\u00e9ben. <\/p>\n<p>&#8220;Ez a helyzet val\u00f3di pr\u00f3bat\u00e9tel, ugyanakkor egy nagy lehet\u0151s\u00e9g is a kereszt\u00e9nys\u00e9g sz\u00e1m\u00e1ra. Mindenkit arra buzd\u00edtok er\u0151s\u00edtse meg hit\u00e9t, gondolja \u00e1t.&#8221; <\/p>\n<p>A v\u00e1rosi megeml\u00e9kez\u00e9s id\u00e9n is koszor\u00faz\u00e1ssal \u00e9rt v\u00e9get. A v\u00e1ros-, a megye, valamint a hivatalok mellett a Szolnokra telep\u00fclt fegyveres test\u00fcletek, int\u00e9zm\u00e9nyek, p\u00e1rtok, civil szervezetek \u00e9s mag\u00e1nszem\u00e9lyek helyezt\u00e9k el Damjanich t\u00e1bornok szobra el\u0151tt  a tisztelet koszor\u00fait \u00e9s vir\u00e1gait. <\/p>\n<div style=\"width: 640px;\" class=\"wp-video\"><!--[if lt IE 9]><script>document.createElement('video');<\/script><![endif]-->\n<video class=\"wp-video-shortcode\" id=\"video-8517-1\" width=\"640\" height=\"360\" preload=\"metadata\" controls=\"controls\"><source type=\"video\/mp4\" src=\"\/spots\/hir\/hir_180315_02.mp4?_=1\" \/><a href=\"\/spots\/hir\/hir_180315_02.mp4\">\/spots\/hir\/hir_180315_02.mp4<\/a><\/video><\/div>\n","protected":false},"excerpt":{"rendered":"<p>A t\u00f6rt\u00e9nelmi z\u00e1szl\u00f3k behozatal\u00e1val kezd\u0151d\u0151 v\u00e1rosi megeml\u00e9kez\u00e9st id\u00e9n is a dics\u0151s\u00e9ges tavaszi Hadj\u00e1rat els\u0151 gy\u0151ztes csat\u00e1j\u00e1t v\u00edv\u00f3 Damjanich t\u00e1bornok szobra el\u0151tt rendezt\u00e9k. A megjelentek els\u0151k\u00e9nt Bal\u00e1zs P\u00e9ter szavalat\u00e1t hallhatt\u00e1k. A Szigligeti Sz\u00ednh\u00e1z direktora Berzsenyi sorait id\u00e9zte. &#8220;\u00c1rp\u00e1d v\u00e9re sem h\u0171lhet el, b\u00e1r r\u00e9g\u00f3ta hever\u00e9sz a puha pamlagon. Forr a vil\u00e1g b\u00fas tengere \u00f3 magyar. \u00c1d\u00e1z [&hellip;]<\/p>\n","protected":false},"author":2,"featured_media":0,"comment_status":"closed","ping_status":"closed","sticky":false,"template":"","format":"standard","meta":[],"categories":[9],"tags":[],"_links":{"self":[{"href":"http:\/\/archiv.szolnoktv.hu\/index.php?rest_route=\/wp\/v2\/posts\/8517"}],"collection":[{"href":"http:\/\/archiv.szolnoktv.hu\/index.php?rest_route=\/wp\/v2\/posts"}],"about":[{"href":"http:\/\/archiv.szolnoktv.hu\/index.php?rest_route=\/wp\/v2\/types\/post"}],"author":[{"embeddable":true,"href":"http:\/\/archiv.szolnoktv.hu\/index.php?rest_route=\/wp\/v2\/users\/2"}],"replies":[{"embeddable":true,"href":"http:\/\/archiv.szolnoktv.hu\/index.php?rest_route=%2Fwp%2Fv2%2Fcomments&post=8517"}],"version-history":[{"count":1,"href":"http:\/\/archiv.szolnoktv.hu\/index.php?rest_route=\/wp\/v2\/posts\/8517\/revisions"}],"predecessor-version":[{"id":8556,"href":"http:\/\/archiv.szolnoktv.hu\/index.php?rest_route=\/wp\/v2\/posts\/8517\/revisions\/8556"}],"wp:attachment":[{"href":"http:\/\/archiv.szolnoktv.hu\/index.php?rest_route=%2Fwp%2Fv2%2Fmedia&parent=8517"}],"wp:term":[{"taxonomy":"category","embeddable":true,"href":"http:\/\/archiv.szolnoktv.hu\/index.php?rest_route=%2Fwp%2Fv2%2Fcategories&post=8517"},{"taxonomy":"post_tag","embeddable":true,"href":"http:\/\/archiv.szolnoktv.hu\/index.php?rest_route=%2Fwp%2Fv2%2Ftags&post=8517"}],"curies":[{"name":"wp","href":"https:\/\/api.w.org\/{rel}","templated":true}]}}