{"id":8516,"date":"2018-03-15T16:33:37","date_gmt":"2018-03-15T16:33:37","guid":{"rendered":"http:\/\/archiv.szolnoktv.hu\/?p=8516"},"modified":"2021-08-13T19:53:21","modified_gmt":"2021-08-13T19:53:21","slug":"varosi-koszoruzasok","status":"publish","type":"post","link":"http:\/\/archiv.szolnoktv.hu\/?p=8516","title":{"rendered":"V\u00e1rosi koszor\u00faz\u00e1sok"},"content":{"rendered":"<div class='booster-block booster-read-block'><\/div><p>A Pet\u0151fi S\u00e1ndor nev\u00e9t visel\u0151 \u00c9p\u00edt\u00e9szeti \u00e9s Faipari Szakgimn\u00e1zium \u00e9s Szakk\u00f6z\u00e9piskola di\u00e1kjai \u00fcnnepi m\u0171sorukban az 1848. m\u00e1rcius 15-\u00e9n t\u00f6rt\u00e9nt forradalmi esem\u00e9nyekre eml\u00e9keztek. A \u00fcnneps\u00e9g v\u00e9g\u00e9n a Pet\u0151fi eml\u00e9kt\u00e1bl\u00e1n\u00e1l Szab\u00f3 Istv\u00e1n alpolg\u00e1rmester, a Szolnoki M\u0171szaki Szakk\u00e9pz\u00e9si Centrum, valamint az \u00c9PFA tan\u00e1ri kara \u00e9s di\u00e1ks\u00e1ga helyezte el koszor\u00faj\u00e1t. <\/p>\n<p>A V\u00e1rosh\u00e1z\u00e1n tal\u00e1lhat\u00f3 Kossuth Lajos eml\u00e9kt\u00e1bl\u00e1n\u00e1l Tasn\u00e1di Zolt\u00e1n, a FIDESZ frakci\u00f3vezet\u0151-helyettese, Gy\u0151rfi Mih\u00e1ly az MSZP v\u00e1laszt\u00f3ker\u00fcleti eln\u00f6ke valamint a szolnoki fiatalok k\u00e9pviselet\u00e9ben Ol\u00e1h Csenge \u00e9s Kosztyu Andr\u00e1s helyezte el az eml\u00e9kez\u00e9skoszor\u00faj\u00e1t.<\/p>\n<div style=\"width: 640px;\" class=\"wp-video\"><!--[if lt IE 9]><script>document.createElement('video');<\/script><![endif]-->\n<video class=\"wp-video-shortcode\" id=\"video-8516-1\" width=\"640\" height=\"360\" preload=\"metadata\" controls=\"controls\"><source type=\"video\/mp4\" src=\"\/spots\/hir\/hir_180315_01.mp4?_=1\" \/><a href=\"\/spots\/hir\/hir_180315_01.mp4\">\/spots\/hir\/hir_180315_01.mp4<\/a><\/video><\/div>\n","protected":false},"excerpt":{"rendered":"<p>A Pet\u0151fi S\u00e1ndor nev\u00e9t visel\u0151 \u00c9p\u00edt\u00e9szeti \u00e9s Faipari Szakgimn\u00e1zium \u00e9s Szakk\u00f6z\u00e9piskola di\u00e1kjai \u00fcnnepi m\u0171sorukban az 1848. m\u00e1rcius 15-\u00e9n t\u00f6rt\u00e9nt forradalmi esem\u00e9nyekre eml\u00e9keztek. A \u00fcnneps\u00e9g v\u00e9g\u00e9n a Pet\u0151fi eml\u00e9kt\u00e1bl\u00e1n\u00e1l Szab\u00f3 Istv\u00e1n alpolg\u00e1rmester, a Szolnoki M\u0171szaki Szakk\u00e9pz\u00e9si Centrum, valamint az \u00c9PFA tan\u00e1ri kara \u00e9s di\u00e1ks\u00e1ga helyezte el koszor\u00faj\u00e1t. A V\u00e1rosh\u00e1z\u00e1n tal\u00e1lhat\u00f3 Kossuth Lajos eml\u00e9kt\u00e1bl\u00e1n\u00e1l Tasn\u00e1di Zolt\u00e1n, a [&hellip;]<\/p>\n","protected":false},"author":2,"featured_media":0,"comment_status":"closed","ping_status":"closed","sticky":false,"template":"","format":"standard","meta":[],"categories":[9],"tags":[],"_links":{"self":[{"href":"http:\/\/archiv.szolnoktv.hu\/index.php?rest_route=\/wp\/v2\/posts\/8516"}],"collection":[{"href":"http:\/\/archiv.szolnoktv.hu\/index.php?rest_route=\/wp\/v2\/posts"}],"about":[{"href":"http:\/\/archiv.szolnoktv.hu\/index.php?rest_route=\/wp\/v2\/types\/post"}],"author":[{"embeddable":true,"href":"http:\/\/archiv.szolnoktv.hu\/index.php?rest_route=\/wp\/v2\/users\/2"}],"replies":[{"embeddable":true,"href":"http:\/\/archiv.szolnoktv.hu\/index.php?rest_route=%2Fwp%2Fv2%2Fcomments&post=8516"}],"version-history":[{"count":1,"href":"http:\/\/archiv.szolnoktv.hu\/index.php?rest_route=\/wp\/v2\/posts\/8516\/revisions"}],"predecessor-version":[{"id":8557,"href":"http:\/\/archiv.szolnoktv.hu\/index.php?rest_route=\/wp\/v2\/posts\/8516\/revisions\/8557"}],"wp:attachment":[{"href":"http:\/\/archiv.szolnoktv.hu\/index.php?rest_route=%2Fwp%2Fv2%2Fmedia&parent=8516"}],"wp:term":[{"taxonomy":"category","embeddable":true,"href":"http:\/\/archiv.szolnoktv.hu\/index.php?rest_route=%2Fwp%2Fv2%2Fcategories&post=8516"},{"taxonomy":"post_tag","embeddable":true,"href":"http:\/\/archiv.szolnoktv.hu\/index.php?rest_route=%2Fwp%2Fv2%2Ftags&post=8516"}],"curies":[{"name":"wp","href":"https:\/\/api.w.org\/{rel}","templated":true}]}}