{"id":8515,"date":"2018-03-15T16:22:46","date_gmt":"2018-03-15T16:22:46","guid":{"rendered":"http:\/\/archiv.szolnoktv.hu\/?p=8515"},"modified":"2021-08-13T19:53:21","modified_gmt":"2021-08-13T19:53:21","slug":"kossuth-teri-unnepi-musor","status":"publish","type":"post","link":"http:\/\/archiv.szolnoktv.hu\/?p=8515","title":{"rendered":"Kossuth t\u00e9ri \u00fcnnepi m\u0171sor"},"content":{"rendered":"<div class='booster-block booster-read-block'><\/div><p>A Sz\u00e9chenyi Istv\u00e1n Gimn\u00e1zium tanul\u00f3inak \u00fcnnepi m\u0171sora k\u00f6vette a Magyar Szablyav\u00edv\u00f3 Iskola Szolnok bemutat\u00f3j\u00e1t a Kossuth t\u00e9ri \u00fcnnepi m\u0171sor sorozatban. A h\u0171v\u00f6s id\u0151 ellen\u00e9re sz\u00e9p sz\u00e1mban \u00e9rkeztek \u00e9rdekl\u0151d\u0151k, hogy jelenl\u00e9t\u00fckkel tisztelegjenek a m\u00e1rciusi ifjak, \u00e9s a szabads\u00e1gharc h\u0151sei el\u0151tt.<\/p>\n<p>Mint minden esztend\u0151ben, \u00edgy hagyom\u00e1nyosan id\u00e9n is lovas bemutat\u00f3 k\u00f6vette a di\u00e1kok el\u0151ad\u00e1s\u00e1t. A szolnoki Kentaur Lovas Egyes\u00fclet Dengi P\u00e1l vezet\u00e9s\u00e9vel \u00e9s a J\u00e1szd\u00f3zsai Husz\u00e1rband\u00e9rium Guba Imre vezet\u00e9s\u00e9vel korh\u0171 \u00f6lt\u00f6zetben id\u00e9zte 1848-49-et.<\/p>\n<p>Az Orsz\u00e1ggy\u0171l\u00e9s hat\u00e1rozata \u00e9rtelm\u00e9ben 2015-t\u0151l m\u00e1rcius 16. a magyar z\u00e1szl\u00f3 \u00e9s c\u00edmer napja.\u00a0Ennek jegy\u00e9ben B\u00e1lint Ferenc f\u0151muzeol\u00f3gus mutatta be t\u00f6rt\u00e9nelmi z\u00e1szlainkat.<br \/>&#8220;Ez a 23 t\u00f6rt\u00e9nelmi z\u00e1szl\u00f3 tiszteletad\u00e1s azok a katon\u00e1k el\u0151tt, akik szolg\u00e1ltak \u00e9s haltak h\u0151si hal\u00e1lt.&#8221; -mondta B\u00c1LINT FERENC f\u0151muzeol\u00f3gus.<\/p>\n<p>A Kossuth t\u00e9ren egybegy\u0171lt t\u00f6meg, a hagyom\u00e1ny\u0151rz\u0151k, lovasok \u00e9s n\u00e9pi szekerek k\u00eds\u00e9ret\u00e9ben a magyar \u00e9s a szolnoki z\u00e1szl\u00f3t k\u00f6vetve, \u00fcnnepi menetben s\u00e9t\u00e1ltak \u00e1t a Damjanich szoborhoz.<br \/>\n<br \/>\n<div style=\"width: 640px;\" class=\"wp-video\"><!--[if lt IE 9]><script>document.createElement('video');<\/script><![endif]-->\n<video class=\"wp-video-shortcode\" id=\"video-8515-1\" width=\"640\" height=\"360\" preload=\"metadata\" controls=\"controls\"><source type=\"video\/mp4\" src=\"\/spots\/hir\/hir_180315_03.mp4?_=1\" \/><a href=\"\/spots\/hir\/hir_180315_03.mp4\">\/spots\/hir\/hir_180315_03.mp4<\/a><\/video><\/div><\/p>\n","protected":false},"excerpt":{"rendered":"<p>A Sz\u00e9chenyi Istv\u00e1n Gimn\u00e1zium tanul\u00f3inak \u00fcnnepi m\u0171sora k\u00f6vette a Magyar Szablyav\u00edv\u00f3 Iskola Szolnok bemutat\u00f3j\u00e1t a Kossuth t\u00e9ri \u00fcnnepi m\u0171sor sorozatban. A h\u0171v\u00f6s id\u0151 ellen\u00e9re sz\u00e9p sz\u00e1mban \u00e9rkeztek \u00e9rdekl\u0151d\u0151k, hogy jelenl\u00e9t\u00fckkel tisztelegjenek a m\u00e1rciusi ifjak, \u00e9s a szabads\u00e1gharc h\u0151sei el\u0151tt. Mint minden esztend\u0151ben, \u00edgy hagyom\u00e1nyosan id\u00e9n is lovas bemutat\u00f3 k\u00f6vette a di\u00e1kok el\u0151ad\u00e1s\u00e1t. A szolnoki Kentaur [&hellip;]<\/p>\n","protected":false},"author":2,"featured_media":0,"comment_status":"closed","ping_status":"closed","sticky":false,"template":"","format":"standard","meta":[],"categories":[9],"tags":[],"_links":{"self":[{"href":"http:\/\/archiv.szolnoktv.hu\/index.php?rest_route=\/wp\/v2\/posts\/8515"}],"collection":[{"href":"http:\/\/archiv.szolnoktv.hu\/index.php?rest_route=\/wp\/v2\/posts"}],"about":[{"href":"http:\/\/archiv.szolnoktv.hu\/index.php?rest_route=\/wp\/v2\/types\/post"}],"author":[{"embeddable":true,"href":"http:\/\/archiv.szolnoktv.hu\/index.php?rest_route=\/wp\/v2\/users\/2"}],"replies":[{"embeddable":true,"href":"http:\/\/archiv.szolnoktv.hu\/index.php?rest_route=%2Fwp%2Fv2%2Fcomments&post=8515"}],"version-history":[{"count":1,"href":"http:\/\/archiv.szolnoktv.hu\/index.php?rest_route=\/wp\/v2\/posts\/8515\/revisions"}],"predecessor-version":[{"id":8558,"href":"http:\/\/archiv.szolnoktv.hu\/index.php?rest_route=\/wp\/v2\/posts\/8515\/revisions\/8558"}],"wp:attachment":[{"href":"http:\/\/archiv.szolnoktv.hu\/index.php?rest_route=%2Fwp%2Fv2%2Fmedia&parent=8515"}],"wp:term":[{"taxonomy":"category","embeddable":true,"href":"http:\/\/archiv.szolnoktv.hu\/index.php?rest_route=%2Fwp%2Fv2%2Fcategories&post=8515"},{"taxonomy":"post_tag","embeddable":true,"href":"http:\/\/archiv.szolnoktv.hu\/index.php?rest_route=%2Fwp%2Fv2%2Ftags&post=8515"}],"curies":[{"name":"wp","href":"https:\/\/api.w.org\/{rel}","templated":true}]}}