{"id":8514,"date":"2018-03-15T16:19:25","date_gmt":"2018-03-15T16:19:25","guid":{"rendered":"http:\/\/archiv.szolnoktv.hu\/?p=8514"},"modified":"2021-08-13T19:53:21","modified_gmt":"2021-08-13T19:53:21","slug":"szolnok-varos-ifjusagi-dija","status":"publish","type":"post","link":"http:\/\/archiv.szolnoktv.hu\/?p=8514","title":{"rendered":"Szolnok V\u00e1ros Ifj\u00fas\u00e1gi D\u00edja"},"content":{"rendered":"<div class='booster-block booster-read-block'><\/div><p>Kilencedszer adt\u00e1k \u00e1t a &#8220;Szolnok V\u00e1ros Ifj\u00fas\u00e1ga D\u00edjat&#8221;. A Kossuth t\u00e9ri \u00fcnneps\u00e9g r\u00e9szek\u00e9nt id\u00e9n is 3 fiatalt sz\u00f3l\u00edtottak sz\u00ednpadra. A v\u00e1ros 2009-ben -a Szolnok V\u00e1rosi Di\u00e1kok Tan\u00e1csa kezdem\u00e9nyez\u00e9s\u00e9re- alap\u00edtotta az elismer\u00e9st azok sz\u00e1m\u00e1ra, akik a megyesz\u00e9khely ifj\u00fas\u00e1gi \u00e9let\u00e9ben kiemelked\u0151 k\u00f6z\u00f6ss\u00e9g\u00e9p\u00edt\u0151 tev\u00e9kenys\u00e9get folytatnak.<\/p>\n<p>Kamuti Harmat a Szolnok V\u00e1rosi Koll\u00e9gium \u00e9s a Varga Katalin Gimn\u00e1zium Arany J\u00e1nos Tehets\u00e9ggondoz\u00f3 Programj\u00e1nak di\u00e1kja. 2016 \u0151sz\u00e9n az Orsz\u00e1gos Di\u00e1k Tan\u00e1cs tagj\u00e1v\u00e1 v\u00e1lasztott\u00e1k.<br \/>&#8220;Nagyon megtisztel\u0151 a d\u00edjaz\u00e1s, igyekszem ezt\u00e1n is t\u00e1mogatni a di\u00e1ks\u00e1got \u00e9s min\u00e9l t\u00f6bbet tenni. Nagyon megtisztel\u0151, \u00e9s k\u00f6sz\u00f6n\u00f6m mindenkinek.&#8221; -mondta KAMUTI HARMAT.<\/p>\n<p>Kosztyu Andr\u00e1s akt\u00edv szerepl\u0151je Szolnok ifj\u00fas\u00e1gi \u00e9let\u00e9nek. Volt a Gyermektan\u00e1cs eln\u00f6ke \u00e9s a di\u00e1kok polg\u00e1rmestere is.<br \/>&#8220;Val\u00f3ban azt gondolom, a t\u00f6bbieknek gratul\u00e1lok, \u00e9s ha lehet ezt mondom, meg\u00e9rdemelt\u00fck a d\u00edjat mert nagyon sok verejt\u00e9kes munka van m\u00f6g\u00f6tte, \u00e9s nagyon j\u00f3 \u00e9rz\u00e9s, k\u00f6sz\u00f6nj\u00fck sz\u00e9pen.&#8221; -mondta KOSZTYU ANDR\u00c1S.<\/p>\n<p>Papp D\u00e1niel \u00e9vek \u00f3ta akt\u00edv tagja a Szolnok V\u00e1rosi Di\u00e1ktan\u00e1csnak. T\u00f6bb alkalommal r\u00e9szt vett a 24 \u00f3r\u00e1s vet\u00e9lked\u0151n, kiemelked\u0151 m\u0171v\u00e9szi v\u00e9n\u00e1j\u00e1t t\u00f6bb alkalommal is megmutatta.<br \/>&#8220;Nagyon \u00f6r\u00fcl\u00f6k a d\u00edjnak, v\u00e1ratlanul \u00e9rt, minden amit tettem az\u00e9rt tettem, hogy p\u00e9ld\u00e1t mutassunk, hogy tudunk tenni a v\u00e1ros\u00e9rt \u00e9s egym\u00e1s\u00e9rt is.&#8221; -mondta PAPP D\u00c1NIEL.<\/p>\n<p>A &#8220;Szolnok V\u00e1ros Ifj\u00fas\u00e1ga D\u00edj&#8221; tulajdonosai munk\u00e1jukkal, k\u00f6z\u00e9leti szerepl\u00e9seikkel, tanul\u00e1sukkal \u00e9s k\u00f6z\u00f6ss\u00e9gi munk\u00e1jukkal p\u00e9ldak\u00e9nt szolg\u00e1lnak di\u00e1kt\u00e1rsaik el\u0151tt.<\/p>\n<div style=\"width: 640px;\" class=\"wp-video\"><!--[if lt IE 9]><script>document.createElement('video');<\/script><![endif]-->\n<video class=\"wp-video-shortcode\" id=\"video-8514-1\" width=\"640\" height=\"360\" preload=\"metadata\" controls=\"controls\"><source type=\"video\/mp4\" src=\"\/spots\/hir\/hir_180315_04.mp4?_=1\" \/><a href=\"\/spots\/hir\/hir_180315_04.mp4\">\/spots\/hir\/hir_180315_04.mp4<\/a><\/video><\/div>\n","protected":false},"excerpt":{"rendered":"<p>Kilencedszer adt\u00e1k \u00e1t a &#8220;Szolnok V\u00e1ros Ifj\u00fas\u00e1ga D\u00edjat&#8221;. A Kossuth t\u00e9ri \u00fcnneps\u00e9g r\u00e9szek\u00e9nt id\u00e9n is 3 fiatalt sz\u00f3l\u00edtottak sz\u00ednpadra. A v\u00e1ros 2009-ben -a Szolnok V\u00e1rosi Di\u00e1kok Tan\u00e1csa kezdem\u00e9nyez\u00e9s\u00e9re- alap\u00edtotta az elismer\u00e9st azok sz\u00e1m\u00e1ra, akik a megyesz\u00e9khely ifj\u00fas\u00e1gi \u00e9let\u00e9ben kiemelked\u0151 k\u00f6z\u00f6ss\u00e9g\u00e9p\u00edt\u0151 tev\u00e9kenys\u00e9get folytatnak. Kamuti Harmat a Szolnok V\u00e1rosi Koll\u00e9gium \u00e9s a Varga Katalin Gimn\u00e1zium Arany J\u00e1nos [&hellip;]<\/p>\n","protected":false},"author":2,"featured_media":0,"comment_status":"closed","ping_status":"closed","sticky":false,"template":"","format":"standard","meta":[],"categories":[9],"tags":[],"_links":{"self":[{"href":"http:\/\/archiv.szolnoktv.hu\/index.php?rest_route=\/wp\/v2\/posts\/8514"}],"collection":[{"href":"http:\/\/archiv.szolnoktv.hu\/index.php?rest_route=\/wp\/v2\/posts"}],"about":[{"href":"http:\/\/archiv.szolnoktv.hu\/index.php?rest_route=\/wp\/v2\/types\/post"}],"author":[{"embeddable":true,"href":"http:\/\/archiv.szolnoktv.hu\/index.php?rest_route=\/wp\/v2\/users\/2"}],"replies":[{"embeddable":true,"href":"http:\/\/archiv.szolnoktv.hu\/index.php?rest_route=%2Fwp%2Fv2%2Fcomments&post=8514"}],"version-history":[{"count":1,"href":"http:\/\/archiv.szolnoktv.hu\/index.php?rest_route=\/wp\/v2\/posts\/8514\/revisions"}],"predecessor-version":[{"id":8559,"href":"http:\/\/archiv.szolnoktv.hu\/index.php?rest_route=\/wp\/v2\/posts\/8514\/revisions\/8559"}],"wp:attachment":[{"href":"http:\/\/archiv.szolnoktv.hu\/index.php?rest_route=%2Fwp%2Fv2%2Fmedia&parent=8514"}],"wp:term":[{"taxonomy":"category","embeddable":true,"href":"http:\/\/archiv.szolnoktv.hu\/index.php?rest_route=%2Fwp%2Fv2%2Fcategories&post=8514"},{"taxonomy":"post_tag","embeddable":true,"href":"http:\/\/archiv.szolnoktv.hu\/index.php?rest_route=%2Fwp%2Fv2%2Ftags&post=8514"}],"curies":[{"name":"wp","href":"https:\/\/api.w.org\/{rel}","templated":true}]}}