{"id":8512,"date":"2018-03-14T18:02:15","date_gmt":"2018-03-14T18:02:15","guid":{"rendered":"http:\/\/archiv.szolnoktv.hu\/?p=8512"},"modified":"2021-08-13T19:53:21","modified_gmt":"2021-08-13T19:53:21","slug":"marcius-15-i-megemlekezest-tartott-a-munkaspart","status":"publish","type":"post","link":"http:\/\/archiv.szolnoktv.hu\/?p=8512","title":{"rendered":"M\u00e1rcius 15-i megeml\u00e9kez\u00e9st tartott a Munk\u00e1sp\u00e1rt"},"content":{"rendered":"<div class='booster-block booster-read-block'><\/div><p>A M\u00e1rcius 15. alkalm\u00e1b\u00f3l rendezett koszor\u00faz\u00e1son a Munk\u00e1sp\u00e1rt eln\u00f6ke besz\u00e9lt  a forradalmi ifjak \u00e9s  Damjanich J\u00e1nos szerep\u00e9r\u0151l . A megeml\u00e9kez\u00e9sen hangs\u00falyozta, hogy a Munk\u00e1sp\u00e1rt a f\u00fcggetlens\u00e9g \u00e9s a szabads\u00e1g h\u00edve. A mai Eur\u00f3pa n\u00e9peinek j\u00f6v\u0151j\u00e9t egy \u00faj sz\u00f6vets\u00e9g biztos\u00edtan\u00e1. Nem a mai Eur\u00f3pai Uni\u00f3, melynek 14 \u00e9ve tagja Magyarorsz\u00e1g-hangs\u00falyozta Th\u00fcrmer Gyula.  Az eur\u00f3pai h\u00e1z falai omladoznak  &#8211;   mondta sajt\u00f3t\u00e1j\u00e9koztat\u00f3j\u00e1n a Munk\u00e1sp\u00e1rt eln\u00f6ke. Th\u00fcrmer Gyula szerint az \u00f6v\u00e9k az egyetlen p\u00e1rt, amely megmondja vil\u00e1gosan az embereknek, hogy az Eur\u00f3pai Uni\u00f3t nem az\u00e9rt hozt\u00e1k l\u00e9tre, hogy a szeg\u00e9nyek jobban \u00e9ljenek. Az ugyanis a gazdagok szervezete  &#8211;   tette hozz\u00e1. D\u00f6nts\u00fck el, hogy maradni akarunk vagy sem  &#8211;   hangs\u00falyozta a politikus, aki besz\u00e9lt az \u00e1tlag magyar \u00e9letsz\u00ednvonalr\u00f3l is.<\/p>\n<p>Th\u00fcrmer Gyula eln\u00f6k, Munk\u00e1sp\u00e1rt:<br \/>-&#8221; Lehet\u0151s\u00e9get k\u00edn\u00e1lunk minden embernek, hogy juttassa be a dolgoz\u00f3k a munk\u00e1jukb\u00f3l \u00e9l\u0151k k\u00e9pvisel\u0151it a parlamentbe. Ha k\u00f6rbe n\u00e9z\u00fcnk az orsz\u00e1gban, ha n\u00e9zz\u00fck a p\u00e1rtok politikai programjait: azt l\u00e1tjuk, hogy a Munk\u00e1sp\u00e1rt az egyetlen p\u00e1rt, aki azt mondta fizessenek a gazdagok. Az egyetlen baloldali p\u00e1rt, ami a milli\u00e1rdosokkal, a szuper gazdagokkal akarja az orsz\u00e1g terheit megosztani. Eltelt 30 esztend\u0151, itt az ideje, hogy fizessenek azok,&#8221;<\/p>\n<p>A mai kor k\u00f6vetelm\u00e9nye, hogy adni kell az embereknek, mert amit eddig kaptak, abb\u00f3l nem biztos\u00edthat\u00f3 a j\u00f6v\u0151j\u00fck  &#8211;   tette hozz\u00e1 a Munk\u00e1sp\u00e1rt listavezet\u0151je.  <\/p>\n<p>-&#8221; Adjunk az embereknek 200 ezer forintos minim\u00e1lb\u00e9rt ad\u00f3mentesen. A nyugd\u00edjasoknak adjunk 100 ezer forintos minim\u00e1l nyugd\u00edjat. 65 \u00e9v felett tegy\u00fck lehet\u0151v\u00e9, hogy mindenki ingyen jusson hozz\u00e1 a gy\u00f3gyszerekhez. A fiatalok sz\u00e1m\u00e1ra biztos\u00edtsuk az els\u0151 munkahely lehet\u0151s\u00e9g\u00e9t. Az orsz\u00e1g teremtse meg a lakhat\u00e1shoz jut\u00e1s lehet\u0151s\u00e9g\u00e9t, \u00e9p\u00fclj\u00f6n min\u00e9l t\u00f6bb szoci\u00e1lis b\u00e9rlak\u00e1s. &#8211;tette hozz\u00e1 a politikus. <\/p>\n<p>A Munk\u00e1sp\u00e1rt a stabilit\u00e1s\u00e9rt k\u00fczd  &#8211;   emelte ki. <\/p>\n<p>&#8211; -Ehhez 3 dologra van sz\u00fcks\u00e9g, adjunk az embereknek, v\u00e9dj\u00fck meg Magyarorsz\u00e1g f\u00fcggetlens\u00e9g\u00e9t \u00e9s ne engedj\u00fck a migr\u00e1nsokat az orsz\u00e1gba. Ha e h\u00e1rom k\u00f6z\u00fcl valamelyik nem teljes\u00fcl, Magyarorsz\u00e1g j\u00f6v\u0151je, biztons\u00e1ga \u00e9s stabilit\u00e1sa ker\u00fclhet vesz\u00e9lybe. A Munk\u00e1sp\u00e1rtnak orsz\u00e1gszerte 57 egy\u00e9ni jel\u00f6ltje van, van orsz\u00e1gos list\u00e1nk. JNSZ Megy\u00e9ben minden v\u00e1laszt\u00f3ker\u00fcletben van egy\u00e9ni jel\u00f6lt\u00fcnk \u00e9s list\u00e1nk is. &#8211;<\/p>\n<p>Besz\u00e9lt arr\u00f3l is, hogy az ember a magyar t\u00e1rsadalom legf\u0151bb kincse, akkor lesz\u00fcnk versenyk\u00e9pesek Eur\u00f3p\u00e1ban \u00e9s a vil\u00e1gban, ha sok j\u00f3l k\u00e9pzett ember\u00fcnk lesz \u00e9s ha azok eg\u00e9szs\u00e9gesek lesznek. Ez\u00e9rt az oktat\u00e1sra \u00e9s az eg\u00e9szs\u00e9g\u00fcgyre a jelenleginek a dupl\u00e1j\u00e1t k\u00f6lten\u00e9k  &#8211;   mondta. Az \u00e1prilisi 8-i v\u00e1laszt\u00e1son azoknak k\u00edn\u00e1l v\u00e1laszt\u00e1si lehet\u0151s\u00e9get a Munk\u00e1sp\u00e1rt, akik  el\u00e9gedetlenek a magyar korm\u00e1nnyal \u00e9s azoknak is, akik nem a parlamenti ellenz\u00e9kben l\u00e1tj\u00e1k a megold\u00e1st  &#8211;   jelentette ki Th\u00fcrmer Gyula. <\/p>\n<div style=\"width: 640px;\" class=\"wp-video\"><!--[if lt IE 9]><script>document.createElement('video');<\/script><![endif]-->\n<video class=\"wp-video-shortcode\" id=\"video-8512-1\" width=\"640\" height=\"360\" preload=\"metadata\" controls=\"controls\"><source type=\"video\/mp4\" src=\"\/spots\/hir\/hir_180314_07.mp4?_=1\" \/><a href=\"\/spots\/hir\/hir_180314_07.mp4\">\/spots\/hir\/hir_180314_07.mp4<\/a><\/video><\/div>\n","protected":false},"excerpt":{"rendered":"<p>A M\u00e1rcius 15. alkalm\u00e1b\u00f3l rendezett koszor\u00faz\u00e1son a Munk\u00e1sp\u00e1rt eln\u00f6ke besz\u00e9lt a forradalmi ifjak \u00e9s Damjanich J\u00e1nos szerep\u00e9r\u0151l . A megeml\u00e9kez\u00e9sen hangs\u00falyozta, hogy a Munk\u00e1sp\u00e1rt a f\u00fcggetlens\u00e9g \u00e9s a szabads\u00e1g h\u00edve. A mai Eur\u00f3pa n\u00e9peinek j\u00f6v\u0151j\u00e9t egy \u00faj sz\u00f6vets\u00e9g biztos\u00edtan\u00e1. Nem a mai Eur\u00f3pai Uni\u00f3, melynek 14 \u00e9ve tagja Magyarorsz\u00e1g-hangs\u00falyozta Th\u00fcrmer Gyula. Az eur\u00f3pai h\u00e1z falai [&hellip;]<\/p>\n","protected":false},"author":2,"featured_media":0,"comment_status":"closed","ping_status":"closed","sticky":false,"template":"","format":"standard","meta":[],"categories":[9],"tags":[],"_links":{"self":[{"href":"http:\/\/archiv.szolnoktv.hu\/index.php?rest_route=\/wp\/v2\/posts\/8512"}],"collection":[{"href":"http:\/\/archiv.szolnoktv.hu\/index.php?rest_route=\/wp\/v2\/posts"}],"about":[{"href":"http:\/\/archiv.szolnoktv.hu\/index.php?rest_route=\/wp\/v2\/types\/post"}],"author":[{"embeddable":true,"href":"http:\/\/archiv.szolnoktv.hu\/index.php?rest_route=\/wp\/v2\/users\/2"}],"replies":[{"embeddable":true,"href":"http:\/\/archiv.szolnoktv.hu\/index.php?rest_route=%2Fwp%2Fv2%2Fcomments&post=8512"}],"version-history":[{"count":1,"href":"http:\/\/archiv.szolnoktv.hu\/index.php?rest_route=\/wp\/v2\/posts\/8512\/revisions"}],"predecessor-version":[{"id":8561,"href":"http:\/\/archiv.szolnoktv.hu\/index.php?rest_route=\/wp\/v2\/posts\/8512\/revisions\/8561"}],"wp:attachment":[{"href":"http:\/\/archiv.szolnoktv.hu\/index.php?rest_route=%2Fwp%2Fv2%2Fmedia&parent=8512"}],"wp:term":[{"taxonomy":"category","embeddable":true,"href":"http:\/\/archiv.szolnoktv.hu\/index.php?rest_route=%2Fwp%2Fv2%2Fcategories&post=8512"},{"taxonomy":"post_tag","embeddable":true,"href":"http:\/\/archiv.szolnoktv.hu\/index.php?rest_route=%2Fwp%2Fv2%2Ftags&post=8512"}],"curies":[{"name":"wp","href":"https:\/\/api.w.org\/{rel}","templated":true}]}}